{"id":3910,"date":"2019-08-16T15:35:32","date_gmt":"2019-08-16T21:35:32","guid":{"rendered":"https:\/\/www.amp.gob.sv\/ampweb\/?p=3910"},"modified":"2019-08-16T16:02:37","modified_gmt":"2019-08-16T22:02:37","slug":"puerto-corsain-recibe-a-la-guardia-costera-de-ee-uu","status":"publish","type":"post","link":"https:\/\/www.amp.gob.sv\/ampweb\/puerto-corsain-recibe-a-la-guardia-costera-de-ee-uu\/","title":{"rendered":"PUERTO CORSAIN RECIBE A LA GUARDIA COSTERA DE EE.UU."},"content":{"rendered":"<p>La Guardia Costera de los Estados Unidos fue recibida en Puerto CORSAIN por el Director Ejecutivo de la AMP, Capit\u00e1n de Nav\u00edo Guillermo Jim\u00e9nez,&nbsp; y el Gerente del Puerto, Ing. Leopoldo Zelaya Paz, como parte de las visitas realizadas por la delegaci\u00f3n internacional a los puertos de todo el pa\u00eds.<\/p>\n<p>Durante la visita se hizo una exposici\u00f3n a cargo del Oficial de Protecci\u00f3n de la Instalaci\u00f3n Portuaria (OPIP), Sr. Rub\u00e9n D\u00edaz Hern\u00e1ndez, para dar detalles de los avances m\u00e1s importantes del puerto en el cumplimiento del C\u00f3digo internacional para la protecci\u00f3n de los buques y de las instalaciones portuarias.<\/p>\n<p>As\u00ed mismo, la comitiva realiz\u00f3 un recorrido por las instalaciones del recinto portuario para verificar los procedimientos internos en tema de seguridad.<\/p>\n<div id='gallery-1' class='gallery galleryid-3910 gallery-columns-3 gallery-size-thumbnail'><figure class='gallery-item'>\n\t\t\t<div class='gallery-icon landscape'>\n\t\t\t\t<a href='https:\/\/www.amp.gob.sv\/ampweb\/puerto-corsain-recibe-a-la-guardia-costera-de-ee-uu\/img_6468\/'><img width=\"150\" height=\"100\" src=\"https:\/\/www.amp.gob.sv\/ampweb\/wp-content\/uploads\/2019\/08\/IMG_6468-150x100.jpg\" class=\"attachment-thumbnail size-thumbnail\" alt=\"\" loading=\"lazy\" srcset=\"https:\/\/www.amp.gob.sv\/ampweb\/wp-content\/uploads\/2019\/08\/IMG_6468-150x100.jpg 150w, https:\/\/www.amp.gob.sv\/ampweb\/wp-content\/uploads\/2019\/08\/IMG_6468-300x200.jpg 300w, https:\/\/www.amp.gob.sv\/ampweb\/wp-content\/uploads\/2019\/08\/IMG_6468-768x512.jpg 768w, https:\/\/www.amp.gob.sv\/ampweb\/wp-content\/uploads\/2019\/08\/IMG_6468-1024x683.jpg 1024w, https:\/\/www.amp.gob.sv\/ampweb\/wp-content\/uploads\/2019\/08\/IMG_6468-272x182.jpg 272w, https:\/\/www.amp.gob.sv\/ampweb\/wp-content\/uploads\/2019\/08\/IMG_6468.jpg 2048w\" sizes=\"(max-width: 150px) 100vw, 150px\" \/><\/a>\n\t\t\t<\/div><\/figure><figure class='gallery-item'>\n\t\t\t<div class='gallery-icon landscape'>\n\t\t\t\t<a href='https:\/\/www.amp.gob.sv\/ampweb\/puerto-corsain-recibe-a-la-guardia-costera-de-ee-uu\/img_6496\/'><img width=\"150\" height=\"100\" src=\"https:\/\/www.amp.gob.sv\/ampweb\/wp-content\/uploads\/2019\/08\/IMG_6496-150x100.jpg\" class=\"attachment-thumbnail size-thumbnail\" alt=\"\" loading=\"lazy\" srcset=\"https:\/\/www.amp.gob.sv\/ampweb\/wp-content\/uploads\/2019\/08\/IMG_6496-150x100.jpg 150w, https:\/\/www.amp.gob.sv\/ampweb\/wp-content\/uploads\/2019\/08\/IMG_6496-300x200.jpg 300w, https:\/\/www.amp.gob.sv\/ampweb\/wp-content\/uploads\/2019\/08\/IMG_6496-768x512.jpg 768w, https:\/\/www.amp.gob.sv\/ampweb\/wp-content\/uploads\/2019\/08\/IMG_6496-1024x683.jpg 1024w, https:\/\/www.amp.gob.sv\/ampweb\/wp-content\/uploads\/2019\/08\/IMG_6496-272x182.jpg 272w, https:\/\/www.amp.gob.sv\/ampweb\/wp-content\/uploads\/2019\/08\/IMG_6496.jpg 2048w\" sizes=\"(max-width: 150px) 100vw, 150px\" \/><\/a>\n\t\t\t<\/div><\/figure><figure class='gallery-item'>\n\t\t\t<div class='gallery-icon landscape'>\n\t\t\t\t<a href='https:\/\/www.amp.gob.sv\/ampweb\/puerto-corsain-recibe-a-la-guardia-costera-de-ee-uu\/img_6513-2\/'><img width=\"150\" height=\"100\" src=\"https:\/\/www.amp.gob.sv\/ampweb\/wp-content\/uploads\/2019\/08\/IMG_6513-150x100.jpg\" class=\"attachment-thumbnail size-thumbnail\" alt=\"\" loading=\"lazy\" srcset=\"https:\/\/www.amp.gob.sv\/ampweb\/wp-content\/uploads\/2019\/08\/IMG_6513-150x100.jpg 150w, https:\/\/www.amp.gob.sv\/ampweb\/wp-content\/uploads\/2019\/08\/IMG_6513-300x200.jpg 300w, https:\/\/www.amp.gob.sv\/ampweb\/wp-content\/uploads\/2019\/08\/IMG_6513-768x512.jpg 768w, https:\/\/www.amp.gob.sv\/ampweb\/wp-content\/uploads\/2019\/08\/IMG_6513-1024x683.jpg 1024w, https:\/\/www.amp.gob.sv\/ampweb\/wp-content\/uploads\/2019\/08\/IMG_6513-272x182.jpg 272w, https:\/\/www.amp.gob.sv\/ampweb\/wp-content\/uploads\/2019\/08\/IMG_6513.jpg 2048w\" sizes=\"(max-width: 150px) 100vw, 150px\" \/><\/a>\n\t\t\t<\/div><\/figure><figure class='gallery-item'>\n\t\t\t<div class='gallery-icon landscape'>\n\t\t\t\t<a href='https:\/\/www.amp.gob.sv\/ampweb\/puerto-corsain-recibe-a-la-guardia-costera-de-ee-uu\/img_6516\/'><img width=\"150\" height=\"100\" src=\"https:\/\/www.amp.gob.sv\/ampweb\/wp-content\/uploads\/2019\/08\/IMG_6516-150x100.jpg\" class=\"attachment-thumbnail size-thumbnail\" alt=\"\" loading=\"lazy\" srcset=\"https:\/\/www.amp.gob.sv\/ampweb\/wp-content\/uploads\/2019\/08\/IMG_6516-150x100.jpg 150w, https:\/\/www.amp.gob.sv\/ampweb\/wp-content\/uploads\/2019\/08\/IMG_6516-300x200.jpg 300w, https:\/\/www.amp.gob.sv\/ampweb\/wp-content\/uploads\/2019\/08\/IMG_6516-768x512.jpg 768w, https:\/\/www.amp.gob.sv\/ampweb\/wp-content\/uploads\/2019\/08\/IMG_6516-1024x683.jpg 1024w, https:\/\/www.amp.gob.sv\/ampweb\/wp-content\/uploads\/2019\/08\/IMG_6516-272x182.jpg 272w, https:\/\/www.amp.gob.sv\/ampweb\/wp-content\/uploads\/2019\/08\/IMG_6516.jpg 2048w\" sizes=\"(max-width: 150px) 100vw, 150px\" \/><\/a>\n\t\t\t<\/div><\/figure><figure class='gallery-item'>\n\t\t\t<div class='gallery-icon landscape'>\n\t\t\t\t<a href='https:\/\/www.amp.gob.sv\/ampweb\/puerto-corsain-recibe-a-la-guardia-costera-de-ee-uu\/img_6558\/'><img width=\"150\" height=\"100\" src=\"https:\/\/www.amp.gob.sv\/ampweb\/wp-content\/uploads\/2019\/08\/IMG_6558-150x100.jpg\" class=\"attachment-thumbnail size-thumbnail\" alt=\"\" loading=\"lazy\" srcset=\"https:\/\/www.amp.gob.sv\/ampweb\/wp-content\/uploads\/2019\/08\/IMG_6558-150x100.jpg 150w, https:\/\/www.amp.gob.sv\/ampweb\/wp-content\/uploads\/2019\/08\/IMG_6558-300x200.jpg 300w, https:\/\/www.amp.gob.sv\/ampweb\/wp-content\/uploads\/2019\/08\/IMG_6558-768x512.jpg 768w, https:\/\/www.amp.gob.sv\/ampweb\/wp-content\/uploads\/2019\/08\/IMG_6558-1024x683.jpg 1024w, https:\/\/www.amp.gob.sv\/ampweb\/wp-content\/uploads\/2019\/08\/IMG_6558-272x182.jpg 272w, https:\/\/www.amp.gob.sv\/ampweb\/wp-content\/uploads\/2019\/08\/IMG_6558.jpg 2048w\" sizes=\"(max-width: 150px) 100vw, 150px\" \/><\/a>\n\t\t\t<\/div><\/figure><figure class='gallery-item'>\n\t\t\t<div class='gallery-icon landscape'>\n\t\t\t\t<a href='https:\/\/www.amp.gob.sv\/ampweb\/puerto-corsain-recibe-a-la-guardia-costera-de-ee-uu\/img_6568\/'><img width=\"150\" height=\"100\" src=\"https:\/\/www.amp.gob.sv\/ampweb\/wp-content\/uploads\/2019\/08\/IMG_6568-150x100.jpg\" class=\"attachment-thumbnail size-thumbnail\" alt=\"\" loading=\"lazy\" srcset=\"https:\/\/www.amp.gob.sv\/ampweb\/wp-content\/uploads\/2019\/08\/IMG_6568-150x100.jpg 150w, https:\/\/www.amp.gob.sv\/ampweb\/wp-content\/uploads\/2019\/08\/IMG_6568-300x200.jpg 300w, https:\/\/www.amp.gob.sv\/ampweb\/wp-content\/uploads\/2019\/08\/IMG_6568-768x512.jpg 768w, https:\/\/www.amp.gob.sv\/ampweb\/wp-content\/uploads\/2019\/08\/IMG_6568-1024x683.jpg 1024w, https:\/\/www.amp.gob.sv\/ampweb\/wp-content\/uploads\/2019\/08\/IMG_6568-272x182.jpg 272w, https:\/\/www.amp.gob.sv\/ampweb\/wp-content\/uploads\/2019\/08\/IMG_6568.jpg 2048w\" sizes=\"(max-width: 150px) 100vw, 150px\" \/><\/a>\n\t\t\t<\/div><\/figure><figure class='gallery-item'>\n\t\t\t<div class='gallery-icon landscape'>\n\t\t\t\t<a href='https:\/\/www.amp.gob.sv\/ampweb\/puerto-corsain-recibe-a-la-guardia-costera-de-ee-uu\/img_6576\/'><img width=\"150\" height=\"100\" src=\"https:\/\/www.amp.gob.sv\/ampweb\/wp-content\/uploads\/2019\/08\/IMG_6576-150x100.jpg\" class=\"attachment-thumbnail size-thumbnail\" alt=\"\" loading=\"lazy\" srcset=\"https:\/\/www.amp.gob.sv\/ampweb\/wp-content\/uploads\/2019\/08\/IMG_6576-150x100.jpg 150w, https:\/\/www.amp.gob.sv\/ampweb\/wp-content\/uploads\/2019\/08\/IMG_6576-300x200.jpg 300w, https:\/\/www.amp.gob.sv\/ampweb\/wp-content\/uploads\/2019\/08\/IMG_6576-768x512.jpg 768w, https:\/\/www.amp.gob.sv\/ampweb\/wp-content\/uploads\/2019\/08\/IMG_6576-1024x683.jpg 1024w, https:\/\/www.amp.gob.sv\/ampweb\/wp-content\/uploads\/2019\/08\/IMG_6576-272x182.jpg 272w, https:\/\/www.amp.gob.sv\/ampweb\/wp-content\/uploads\/2019\/08\/IMG_6576.jpg 2048w\" sizes=\"(max-width: 150px) 100vw, 150px\" \/><\/a>\n\t\t\t<\/div><\/figure><figure class='gallery-item'>\n\t\t\t<div class='gallery-icon landscape'>\n\t\t\t\t<a href='https:\/\/www.amp.gob.sv\/ampweb\/puerto-corsain-recibe-a-la-guardia-costera-de-ee-uu\/img_6591-2\/'><img width=\"150\" height=\"100\" src=\"https:\/\/www.amp.gob.sv\/ampweb\/wp-content\/uploads\/2019\/08\/IMG_6591-150x100.jpg\" class=\"attachment-thumbnail size-thumbnail\" alt=\"\" loading=\"lazy\" srcset=\"https:\/\/www.amp.gob.sv\/ampweb\/wp-content\/uploads\/2019\/08\/IMG_6591-150x100.jpg 150w, https:\/\/www.amp.gob.sv\/ampweb\/wp-content\/uploads\/2019\/08\/IMG_6591-300x200.jpg 300w, https:\/\/www.amp.gob.sv\/ampweb\/wp-content\/uploads\/2019\/08\/IMG_6591-768x512.jpg 768w, https:\/\/www.amp.gob.sv\/ampweb\/wp-content\/uploads\/2019\/08\/IMG_6591-1024x683.jpg 1024w, https:\/\/www.amp.gob.sv\/ampweb\/wp-content\/uploads\/2019\/08\/IMG_6591-272x182.jpg 272w, https:\/\/www.amp.gob.sv\/ampweb\/wp-content\/uploads\/2019\/08\/IMG_6591.jpg 2048w\" sizes=\"(max-width: 150px) 100vw, 150px\" \/><\/a>\n\t\t\t<\/div><\/figure><figure class='gallery-item'>\n\t\t\t<div class='gallery-icon landscape'>\n\t\t\t\t<a href='https:\/\/www.amp.gob.sv\/ampweb\/puerto-corsain-recibe-a-la-guardia-costera-de-ee-uu\/img_6596-2\/'><img width=\"150\" height=\"100\" src=\"https:\/\/www.amp.gob.sv\/ampweb\/wp-content\/uploads\/2019\/08\/IMG_6596-150x100.jpg\" class=\"attachment-thumbnail size-thumbnail\" alt=\"\" loading=\"lazy\" srcset=\"https:\/\/www.amp.gob.sv\/ampweb\/wp-content\/uploads\/2019\/08\/IMG_6596-150x100.jpg 150w, https:\/\/www.amp.gob.sv\/ampweb\/wp-content\/uploads\/2019\/08\/IMG_6596-300x200.jpg 300w, https:\/\/www.amp.gob.sv\/ampweb\/wp-content\/uploads\/2019\/08\/IMG_6596-768x512.jpg 768w, https:\/\/www.amp.gob.sv\/ampweb\/wp-content\/uploads\/2019\/08\/IMG_6596-1024x683.jpg 1024w, https:\/\/www.amp.gob.sv\/ampweb\/wp-content\/uploads\/2019\/08\/IMG_6596-272x182.jpg 272w, https:\/\/www.amp.gob.sv\/ampweb\/wp-content\/uploads\/2019\/08\/IMG_6596.jpg 2048w\" sizes=\"(max-width: 150px) 100vw, 150px\" \/><\/a>\n\t\t\t<\/div><\/figure><figure class='gallery-item'>\n\t\t\t<div class='gallery-icon landscape'>\n\t\t\t\t<a href='https:\/\/www.amp.gob.sv\/ampweb\/puerto-corsain-recibe-a-la-guardia-costera-de-ee-uu\/img_6608\/'><img width=\"150\" height=\"100\" src=\"https:\/\/www.amp.gob.sv\/ampweb\/wp-content\/uploads\/2019\/08\/IMG_6608-150x100.jpg\" class=\"attachment-thumbnail size-thumbnail\" alt=\"\" loading=\"lazy\" srcset=\"https:\/\/www.amp.gob.sv\/ampweb\/wp-content\/uploads\/2019\/08\/IMG_6608-150x100.jpg 150w, https:\/\/www.amp.gob.sv\/ampweb\/wp-content\/uploads\/2019\/08\/IMG_6608-300x200.jpg 300w, https:\/\/www.amp.gob.sv\/ampweb\/wp-content\/uploads\/2019\/08\/IMG_6608-768x512.jpg 768w, https:\/\/www.amp.gob.sv\/ampweb\/wp-content\/uploads\/2019\/08\/IMG_6608-1024x683.jpg 1024w, https:\/\/www.amp.gob.sv\/ampweb\/wp-content\/uploads\/2019\/08\/IMG_6608-272x182.jpg 272w, https:\/\/www.amp.gob.sv\/ampweb\/wp-content\/uploads\/2019\/08\/IMG_6608.jpg 2048w\" sizes=\"(max-width: 150px) 100vw, 150px\" \/><\/a>\n\t\t\t<\/div><\/figure>\n\t\t<\/div>\n\n","protected":false},"excerpt":{"rendered":"<p>La Guardia Costera de los Estados Unidos fue recibida en Puerto CORSAIN por el Director Ejecutivo de la AMP, Capit\u00e1n de Nav\u00edo Guillermo Jim\u00e9nez,&nbsp; y el Gerente del Puerto, Ing. Leopoldo Zelaya Paz, como parte de las visitas realizadas por la delegaci\u00f3n internacional a los puertos de todo el pa\u00eds. Durante la visita se hizo [&hellip;]<\/p>\n","protected":false},"author":155,"featured_media":3916,"comment_status":"closed","ping_status":"closed","sticky":false,"template":"","format":"standard","meta":[],"categories":[25,29],"tags":[],"_links":{"self":[{"href":"https:\/\/www.amp.gob.sv\/ampweb\/wp-json\/wp\/v2\/posts\/3910"}],"collection":[{"href":"https:\/\/www.amp.gob.sv\/ampweb\/wp-json\/wp\/v2\/posts"}],"about":[{"href":"https:\/\/www.amp.gob.sv\/ampweb\/wp-json\/wp\/v2\/types\/post"}],"author":[{"embeddable":true,"href":"https:\/\/www.amp.gob.sv\/ampweb\/wp-json\/wp\/v2\/users\/155"}],"replies":[{"embeddable":true,"href":"https:\/\/www.amp.gob.sv\/ampweb\/wp-json\/wp\/v2\/comments?post=3910"}],"version-history":[{"count":2,"href":"https:\/\/www.amp.gob.sv\/ampweb\/wp-json\/wp\/v2\/posts\/3910\/revisions"}],"predecessor-version":[{"id":3923,"href":"https:\/\/www.amp.gob.sv\/ampweb\/wp-json\/wp\/v2\/posts\/3910\/revisions\/3923"}],"wp:featuredmedia":[{"embeddable":true,"href":"https:\/\/www.amp.gob.sv\/ampweb\/wp-json\/wp\/v2\/media\/3916"}],"wp:attachment":[{"href":"https:\/\/www.amp.gob.sv\/ampweb\/wp-json\/wp\/v2\/media?parent=3910"}],"wp:term":[{"taxonomy":"category","embeddable":true,"href":"https:\/\/www.amp.gob.sv\/ampweb\/wp-json\/wp\/v2\/categories?post=3910"},{"taxonomy":"post_tag","embeddable":true,"href":"https:\/\/www.amp.gob.sv\/ampweb\/wp-json\/wp\/v2\/tags?post=3910"}],"curies":[{"name":"wp","href":"https:\/\/api.w.org\/{rel}","templated":true}]}}