{"id":3962,"date":"2019-08-30T16:38:08","date_gmt":"2019-08-30T22:38:08","guid":{"rendered":"https:\/\/www.amp.gob.sv\/ampweb\/?p=3962"},"modified":"2019-08-30T16:38:08","modified_gmt":"2019-08-30T22:38:08","slug":"el-salvador-se-estrena-como-estado-rector-del-puerto","status":"publish","type":"post","link":"https:\/\/www.amp.gob.sv\/ampweb\/el-salvador-se-estrena-como-estado-rector-del-puerto\/","title":{"rendered":"EL SALVADOR SE ESTRENA COMO  ESTADO RECTOR DEL PUERTO"},"content":{"rendered":"<p>El Gobierno de El Salvador a trav\u00e9s de la Autoridad Mar\u00edtima Portuaria apertura la primera inspecci\u00f3n como Estado Rector del Puerto durante un acto oficial en el Puerto de Acajutla, donde particip\u00f3 el Director Ejecutivo de la AMP, Capit\u00e1n Jim\u00e9nez, miembros del Consejo Directivo AMP, representantes de instituciones aliadas y el Capit\u00e1n Teodor Mcoczkowski del barco \u201cCap Palmerston\u201d, donde 3 oficiales del Estado Rector del Puerto realizaron la primera inspecci\u00f3n.<\/p>\n<p><strong><em><u>Inspecciones por el Estado Rector de Puerto.<\/u><\/em><\/strong><\/p>\n<p>Se denomina supervisi\u00f3n por el Estado rector del puerto a la inspecci\u00f3n de buques de pabell\u00f3n extranjero, que se realiza en los puertos nacionales por inspectores debidamente calificados, con el objeto de verificar las condiciones del buque, tripulaci\u00f3n y equipamiento a fin de garantizar que cumpla con los Convenios internacionales emitidos por la Organizaci\u00f3n Mar\u00edtima Internacional.<\/p>\n<p>En el caso de El Salvador para realizar las inspecciones como Estado Rector de Puerto tuvo que suscribirse al Acuerdo Latinoamericano Sobre el Control de Buque, Vi\u00f1a del Mar, firmado en octubre 2018.<\/p>\n<p><strong><em><u>\u00bfPor qu\u00e9 la AMP debe realizar las Inspecciones como Estado Rector del Puerto?<\/u><\/em><\/strong><\/p>\n<p>A pesar de los avances tecnol\u00f3gicos, se siguen produciendo accidentes mar\u00edtimos, con importantes p\u00e9rdidas de vidas, bienes y da\u00f1os al medio ambiente marino, debido entre otras causas a:<\/p>\n<ul>\n<li>Incremento de la antig\u00fcedad de las flotas mercantes.<\/li>\n<li>Insuficiente mantenimiento del material y equipo abordo.<\/li>\n<li>D\u00e9ficit creciente de tripulaciones experimentadas.<\/li>\n<li>Inobservancia de las normas internacionales de seguridad.<\/li>\n<\/ul>\n<p><!--more--><\/p>\n<p><strong><em><u>Beneficios para El Salvador de Realizar Inspecciones como Estado Rector del Puerto: <\/u><\/em><\/strong><\/p>\n<ol>\n<li>Contar con la herramienta legal que nos permita realizar Inspecciones a buques:<\/li>\n<\/ol>\n<ul>\n<li>Minimizar riesgos de contaminaci\u00f3n al medio marino salvadore\u00f1o.<\/li>\n<li>Verificar las condiciones laborales de tripulaci\u00f3n del buque extranjero.<\/li>\n<li>Prevenir riesgos en la traves\u00eda mar\u00edtima dentro del territorio mar\u00edtimo salvadore\u00f1o.<\/li>\n<li>Prevenir incidentes o accidentes mar\u00edtimos.<\/li>\n<li>Implementar medidas para incrementar la seguridad operativa de los buques y la tripulaci\u00f3n, entre otros.<\/li>\n<\/ul>\n<ol start=\"2\">\n<li>Permitir\u00e1 a El Salvador la imposici\u00f3n de multas y detenci\u00f3n de los buques que incumplan con los Convenios Internacionales, entre otros.<\/li>\n<\/ol>\n<p>A la fecha la Autoridad Mar\u00edtima Portuaria ha cumplido con las condiciones t\u00e9cnicas y legales necesarias para iniciar con las Inspecciones de Buque Mercante, para lo cual cuenta con un staff de inspectores debidamente acreditados como Inspectores de Buques (nivel avanzado).<\/p>\n<div id='gallery-1' class='gallery galleryid-3962 gallery-columns-3 gallery-size-thumbnail'><figure class='gallery-item'>\n\t\t\t<div class='gallery-icon landscape'>\n\t\t\t\t<a href='https:\/\/www.amp.gob.sv\/ampweb\/el-salvador-se-estrena-como-estado-rector-del-puerto\/img_6936\/'><img width=\"150\" height=\"100\" src=\"https:\/\/www.amp.gob.sv\/ampweb\/wp-content\/uploads\/2019\/08\/IMG_6936-150x100.jpg\" class=\"attachment-thumbnail size-thumbnail\" alt=\"\" loading=\"lazy\" srcset=\"https:\/\/www.amp.gob.sv\/ampweb\/wp-content\/uploads\/2019\/08\/IMG_6936-150x100.jpg 150w, https:\/\/www.amp.gob.sv\/ampweb\/wp-content\/uploads\/2019\/08\/IMG_6936-300x200.jpg 300w, https:\/\/www.amp.gob.sv\/ampweb\/wp-content\/uploads\/2019\/08\/IMG_6936-768x512.jpg 768w, https:\/\/www.amp.gob.sv\/ampweb\/wp-content\/uploads\/2019\/08\/IMG_6936-1024x683.jpg 1024w, https:\/\/www.amp.gob.sv\/ampweb\/wp-content\/uploads\/2019\/08\/IMG_6936-272x182.jpg 272w, https:\/\/www.amp.gob.sv\/ampweb\/wp-content\/uploads\/2019\/08\/IMG_6936.jpg 2048w\" sizes=\"(max-width: 150px) 100vw, 150px\" \/><\/a>\n\t\t\t<\/div><\/figure><figure class='gallery-item'>\n\t\t\t<div class='gallery-icon landscape'>\n\t\t\t\t<a href='https:\/\/www.amp.gob.sv\/ampweb\/el-salvador-se-estrena-como-estado-rector-del-puerto\/img_6927\/'><img width=\"150\" height=\"100\" src=\"https:\/\/www.amp.gob.sv\/ampweb\/wp-content\/uploads\/2019\/08\/IMG_6927-150x100.jpg\" class=\"attachment-thumbnail size-thumbnail\" alt=\"\" loading=\"lazy\" srcset=\"https:\/\/www.amp.gob.sv\/ampweb\/wp-content\/uploads\/2019\/08\/IMG_6927-150x100.jpg 150w, https:\/\/www.amp.gob.sv\/ampweb\/wp-content\/uploads\/2019\/08\/IMG_6927-300x200.jpg 300w, https:\/\/www.amp.gob.sv\/ampweb\/wp-content\/uploads\/2019\/08\/IMG_6927-768x512.jpg 768w, https:\/\/www.amp.gob.sv\/ampweb\/wp-content\/uploads\/2019\/08\/IMG_6927-1024x683.jpg 1024w, https:\/\/www.amp.gob.sv\/ampweb\/wp-content\/uploads\/2019\/08\/IMG_6927-272x182.jpg 272w, https:\/\/www.amp.gob.sv\/ampweb\/wp-content\/uploads\/2019\/08\/IMG_6927.jpg 2048w\" sizes=\"(max-width: 150px) 100vw, 150px\" \/><\/a>\n\t\t\t<\/div><\/figure><figure class='gallery-item'>\n\t\t\t<div class='gallery-icon landscape'>\n\t\t\t\t<a href='https:\/\/www.amp.gob.sv\/ampweb\/el-salvador-se-estrena-como-estado-rector-del-puerto\/img_7187\/'><img width=\"150\" height=\"100\" src=\"https:\/\/www.amp.gob.sv\/ampweb\/wp-content\/uploads\/2019\/08\/IMG_7187-150x100.jpg\" class=\"attachment-thumbnail size-thumbnail\" alt=\"\" loading=\"lazy\" srcset=\"https:\/\/www.amp.gob.sv\/ampweb\/wp-content\/uploads\/2019\/08\/IMG_7187-150x100.jpg 150w, https:\/\/www.amp.gob.sv\/ampweb\/wp-content\/uploads\/2019\/08\/IMG_7187-300x200.jpg 300w, https:\/\/www.amp.gob.sv\/ampweb\/wp-content\/uploads\/2019\/08\/IMG_7187-768x512.jpg 768w, https:\/\/www.amp.gob.sv\/ampweb\/wp-content\/uploads\/2019\/08\/IMG_7187-1024x683.jpg 1024w, https:\/\/www.amp.gob.sv\/ampweb\/wp-content\/uploads\/2019\/08\/IMG_7187-272x182.jpg 272w, https:\/\/www.amp.gob.sv\/ampweb\/wp-content\/uploads\/2019\/08\/IMG_7187.jpg 2048w\" sizes=\"(max-width: 150px) 100vw, 150px\" \/><\/a>\n\t\t\t<\/div><\/figure><figure class='gallery-item'>\n\t\t\t<div class='gallery-icon landscape'>\n\t\t\t\t<a href='https:\/\/www.amp.gob.sv\/ampweb\/el-salvador-se-estrena-como-estado-rector-del-puerto\/img_6936-2\/'><img width=\"150\" height=\"100\" src=\"https:\/\/www.amp.gob.sv\/ampweb\/wp-content\/uploads\/2019\/08\/IMG_6936-1-150x100.jpg\" class=\"attachment-thumbnail size-thumbnail\" alt=\"\" loading=\"lazy\" srcset=\"https:\/\/www.amp.gob.sv\/ampweb\/wp-content\/uploads\/2019\/08\/IMG_6936-1-150x100.jpg 150w, https:\/\/www.amp.gob.sv\/ampweb\/wp-content\/uploads\/2019\/08\/IMG_6936-1-300x200.jpg 300w, https:\/\/www.amp.gob.sv\/ampweb\/wp-content\/uploads\/2019\/08\/IMG_6936-1-768x512.jpg 768w, https:\/\/www.amp.gob.sv\/ampweb\/wp-content\/uploads\/2019\/08\/IMG_6936-1-1024x683.jpg 1024w, https:\/\/www.amp.gob.sv\/ampweb\/wp-content\/uploads\/2019\/08\/IMG_6936-1-272x182.jpg 272w, https:\/\/www.amp.gob.sv\/ampweb\/wp-content\/uploads\/2019\/08\/IMG_6936-1.jpg 2048w\" sizes=\"(max-width: 150px) 100vw, 150px\" \/><\/a>\n\t\t\t<\/div><\/figure><figure class='gallery-item'>\n\t\t\t<div class='gallery-icon landscape'>\n\t\t\t\t<a href='https:\/\/www.amp.gob.sv\/ampweb\/el-salvador-se-estrena-como-estado-rector-del-puerto\/img_6944\/'><img width=\"150\" height=\"100\" src=\"https:\/\/www.amp.gob.sv\/ampweb\/wp-content\/uploads\/2019\/08\/IMG_6944-150x100.jpg\" class=\"attachment-thumbnail size-thumbnail\" alt=\"\" loading=\"lazy\" srcset=\"https:\/\/www.amp.gob.sv\/ampweb\/wp-content\/uploads\/2019\/08\/IMG_6944-150x100.jpg 150w, https:\/\/www.amp.gob.sv\/ampweb\/wp-content\/uploads\/2019\/08\/IMG_6944-300x200.jpg 300w, https:\/\/www.amp.gob.sv\/ampweb\/wp-content\/uploads\/2019\/08\/IMG_6944-768x512.jpg 768w, https:\/\/www.amp.gob.sv\/ampweb\/wp-content\/uploads\/2019\/08\/IMG_6944-1024x683.jpg 1024w, https:\/\/www.amp.gob.sv\/ampweb\/wp-content\/uploads\/2019\/08\/IMG_6944-272x182.jpg 272w, https:\/\/www.amp.gob.sv\/ampweb\/wp-content\/uploads\/2019\/08\/IMG_6944.jpg 2048w\" sizes=\"(max-width: 150px) 100vw, 150px\" \/><\/a>\n\t\t\t<\/div><\/figure><figure class='gallery-item'>\n\t\t\t<div class='gallery-icon landscape'>\n\t\t\t\t<a href='https:\/\/www.amp.gob.sv\/ampweb\/el-salvador-se-estrena-como-estado-rector-del-puerto\/img_6949\/'><img width=\"150\" height=\"100\" src=\"https:\/\/www.amp.gob.sv\/ampweb\/wp-content\/uploads\/2019\/08\/IMG_6949-150x100.jpg\" class=\"attachment-thumbnail size-thumbnail\" alt=\"\" loading=\"lazy\" srcset=\"https:\/\/www.amp.gob.sv\/ampweb\/wp-content\/uploads\/2019\/08\/IMG_6949-150x100.jpg 150w, https:\/\/www.amp.gob.sv\/ampweb\/wp-content\/uploads\/2019\/08\/IMG_6949-300x200.jpg 300w, https:\/\/www.amp.gob.sv\/ampweb\/wp-content\/uploads\/2019\/08\/IMG_6949-768x512.jpg 768w, https:\/\/www.amp.gob.sv\/ampweb\/wp-content\/uploads\/2019\/08\/IMG_6949-1024x683.jpg 1024w, https:\/\/www.amp.gob.sv\/ampweb\/wp-content\/uploads\/2019\/08\/IMG_6949-272x182.jpg 272w, https:\/\/www.amp.gob.sv\/ampweb\/wp-content\/uploads\/2019\/08\/IMG_6949.jpg 2048w\" sizes=\"(max-width: 150px) 100vw, 150px\" \/><\/a>\n\t\t\t<\/div><\/figure><figure class='gallery-item'>\n\t\t\t<div class='gallery-icon landscape'>\n\t\t\t\t<a href='https:\/\/www.amp.gob.sv\/ampweb\/el-salvador-se-estrena-como-estado-rector-del-puerto\/img_6953\/'><img width=\"150\" height=\"100\" src=\"https:\/\/www.amp.gob.sv\/ampweb\/wp-content\/uploads\/2019\/08\/IMG_6953-150x100.jpg\" class=\"attachment-thumbnail size-thumbnail\" alt=\"\" loading=\"lazy\" srcset=\"https:\/\/www.amp.gob.sv\/ampweb\/wp-content\/uploads\/2019\/08\/IMG_6953-150x100.jpg 150w, https:\/\/www.amp.gob.sv\/ampweb\/wp-content\/uploads\/2019\/08\/IMG_6953-300x200.jpg 300w, https:\/\/www.amp.gob.sv\/ampweb\/wp-content\/uploads\/2019\/08\/IMG_6953-768x512.jpg 768w, https:\/\/www.amp.gob.sv\/ampweb\/wp-content\/uploads\/2019\/08\/IMG_6953-1024x683.jpg 1024w, https:\/\/www.amp.gob.sv\/ampweb\/wp-content\/uploads\/2019\/08\/IMG_6953-272x182.jpg 272w, https:\/\/www.amp.gob.sv\/ampweb\/wp-content\/uploads\/2019\/08\/IMG_6953.jpg 2048w\" sizes=\"(max-width: 150px) 100vw, 150px\" \/><\/a>\n\t\t\t<\/div><\/figure><figure class='gallery-item'>\n\t\t\t<div class='gallery-icon landscape'>\n\t\t\t\t<a href='https:\/\/www.amp.gob.sv\/ampweb\/el-salvador-se-estrena-como-estado-rector-del-puerto\/img_6954\/'><img width=\"150\" height=\"100\" src=\"https:\/\/www.amp.gob.sv\/ampweb\/wp-content\/uploads\/2019\/08\/IMG_6954-150x100.jpg\" class=\"attachment-thumbnail size-thumbnail\" alt=\"\" loading=\"lazy\" srcset=\"https:\/\/www.amp.gob.sv\/ampweb\/wp-content\/uploads\/2019\/08\/IMG_6954-150x100.jpg 150w, https:\/\/www.amp.gob.sv\/ampweb\/wp-content\/uploads\/2019\/08\/IMG_6954-300x200.jpg 300w, https:\/\/www.amp.gob.sv\/ampweb\/wp-content\/uploads\/2019\/08\/IMG_6954-768x512.jpg 768w, https:\/\/www.amp.gob.sv\/ampweb\/wp-content\/uploads\/2019\/08\/IMG_6954-1024x683.jpg 1024w, https:\/\/www.amp.gob.sv\/ampweb\/wp-content\/uploads\/2019\/08\/IMG_6954-272x182.jpg 272w, https:\/\/www.amp.gob.sv\/ampweb\/wp-content\/uploads\/2019\/08\/IMG_6954.jpg 2048w\" sizes=\"(max-width: 150px) 100vw, 150px\" \/><\/a>\n\t\t\t<\/div><\/figure><figure class='gallery-item'>\n\t\t\t<div class='gallery-icon landscape'>\n\t\t\t\t<a href='https:\/\/www.amp.gob.sv\/ampweb\/el-salvador-se-estrena-como-estado-rector-del-puerto\/img_6965\/'><img width=\"150\" height=\"100\" src=\"https:\/\/www.amp.gob.sv\/ampweb\/wp-content\/uploads\/2019\/08\/IMG_6965-150x100.jpg\" class=\"attachment-thumbnail size-thumbnail\" alt=\"\" loading=\"lazy\" srcset=\"https:\/\/www.amp.gob.sv\/ampweb\/wp-content\/uploads\/2019\/08\/IMG_6965-150x100.jpg 150w, https:\/\/www.amp.gob.sv\/ampweb\/wp-content\/uploads\/2019\/08\/IMG_6965-300x200.jpg 300w, https:\/\/www.amp.gob.sv\/ampweb\/wp-content\/uploads\/2019\/08\/IMG_6965-768x512.jpg 768w, https:\/\/www.amp.gob.sv\/ampweb\/wp-content\/uploads\/2019\/08\/IMG_6965-1024x683.jpg 1024w, https:\/\/www.amp.gob.sv\/ampweb\/wp-content\/uploads\/2019\/08\/IMG_6965-272x182.jpg 272w, https:\/\/www.amp.gob.sv\/ampweb\/wp-content\/uploads\/2019\/08\/IMG_6965.jpg 2048w\" sizes=\"(max-width: 150px) 100vw, 150px\" \/><\/a>\n\t\t\t<\/div><\/figure><figure class='gallery-item'>\n\t\t\t<div class='gallery-icon landscape'>\n\t\t\t\t<a href='https:\/\/www.amp.gob.sv\/ampweb\/el-salvador-se-estrena-como-estado-rector-del-puerto\/img_6989\/'><img width=\"150\" height=\"100\" src=\"https:\/\/www.amp.gob.sv\/ampweb\/wp-content\/uploads\/2019\/08\/IMG_6989-150x100.jpg\" class=\"attachment-thumbnail size-thumbnail\" alt=\"\" loading=\"lazy\" srcset=\"https:\/\/www.amp.gob.sv\/ampweb\/wp-content\/uploads\/2019\/08\/IMG_6989-150x100.jpg 150w, https:\/\/www.amp.gob.sv\/ampweb\/wp-content\/uploads\/2019\/08\/IMG_6989-300x200.jpg 300w, https:\/\/www.amp.gob.sv\/ampweb\/wp-content\/uploads\/2019\/08\/IMG_6989-768x512.jpg 768w, https:\/\/www.amp.gob.sv\/ampweb\/wp-content\/uploads\/2019\/08\/IMG_6989-1024x683.jpg 1024w, https:\/\/www.amp.gob.sv\/ampweb\/wp-content\/uploads\/2019\/08\/IMG_6989-272x182.jpg 272w, https:\/\/www.amp.gob.sv\/ampweb\/wp-content\/uploads\/2019\/08\/IMG_6989.jpg 2048w\" sizes=\"(max-width: 150px) 100vw, 150px\" \/><\/a>\n\t\t\t<\/div><\/figure><figure class='gallery-item'>\n\t\t\t<div class='gallery-icon landscape'>\n\t\t\t\t<a href='https:\/\/www.amp.gob.sv\/ampweb\/el-salvador-se-estrena-como-estado-rector-del-puerto\/img_6994\/'><img width=\"150\" height=\"100\" src=\"https:\/\/www.amp.gob.sv\/ampweb\/wp-content\/uploads\/2019\/08\/IMG_6994-150x100.jpg\" class=\"attachment-thumbnail size-thumbnail\" alt=\"\" loading=\"lazy\" srcset=\"https:\/\/www.amp.gob.sv\/ampweb\/wp-content\/uploads\/2019\/08\/IMG_6994-150x100.jpg 150w, https:\/\/www.amp.gob.sv\/ampweb\/wp-content\/uploads\/2019\/08\/IMG_6994-300x200.jpg 300w, https:\/\/www.amp.gob.sv\/ampweb\/wp-content\/uploads\/2019\/08\/IMG_6994-768x512.jpg 768w, https:\/\/www.amp.gob.sv\/ampweb\/wp-content\/uploads\/2019\/08\/IMG_6994-1024x683.jpg 1024w, https:\/\/www.amp.gob.sv\/ampweb\/wp-content\/uploads\/2019\/08\/IMG_6994-272x182.jpg 272w, https:\/\/www.amp.gob.sv\/ampweb\/wp-content\/uploads\/2019\/08\/IMG_6994.jpg 2048w\" sizes=\"(max-width: 150px) 100vw, 150px\" \/><\/a>\n\t\t\t<\/div><\/figure><figure class='gallery-item'>\n\t\t\t<div class='gallery-icon landscape'>\n\t\t\t\t<a href='https:\/\/www.amp.gob.sv\/ampweb\/el-salvador-se-estrena-como-estado-rector-del-puerto\/img_7003\/'><img width=\"150\" height=\"100\" src=\"https:\/\/www.amp.gob.sv\/ampweb\/wp-content\/uploads\/2019\/08\/IMG_7003-150x100.jpg\" class=\"attachment-thumbnail size-thumbnail\" alt=\"\" loading=\"lazy\" srcset=\"https:\/\/www.amp.gob.sv\/ampweb\/wp-content\/uploads\/2019\/08\/IMG_7003-150x100.jpg 150w, https:\/\/www.amp.gob.sv\/ampweb\/wp-content\/uploads\/2019\/08\/IMG_7003-300x200.jpg 300w, https:\/\/www.amp.gob.sv\/ampweb\/wp-content\/uploads\/2019\/08\/IMG_7003-768x512.jpg 768w, https:\/\/www.amp.gob.sv\/ampweb\/wp-content\/uploads\/2019\/08\/IMG_7003-1024x683.jpg 1024w, https:\/\/www.amp.gob.sv\/ampweb\/wp-content\/uploads\/2019\/08\/IMG_7003-272x182.jpg 272w, https:\/\/www.amp.gob.sv\/ampweb\/wp-content\/uploads\/2019\/08\/IMG_7003.jpg 2048w\" sizes=\"(max-width: 150px) 100vw, 150px\" \/><\/a>\n\t\t\t<\/div><\/figure><figure class='gallery-item'>\n\t\t\t<div class='gallery-icon landscape'>\n\t\t\t\t<a href='https:\/\/www.amp.gob.sv\/ampweb\/el-salvador-se-estrena-como-estado-rector-del-puerto\/img_7014\/'><img width=\"150\" height=\"100\" src=\"https:\/\/www.amp.gob.sv\/ampweb\/wp-content\/uploads\/2019\/08\/IMG_7014-150x100.jpg\" class=\"attachment-thumbnail size-thumbnail\" alt=\"\" loading=\"lazy\" srcset=\"https:\/\/www.amp.gob.sv\/ampweb\/wp-content\/uploads\/2019\/08\/IMG_7014-150x100.jpg 150w, https:\/\/www.amp.gob.sv\/ampweb\/wp-content\/uploads\/2019\/08\/IMG_7014-300x200.jpg 300w, https:\/\/www.amp.gob.sv\/ampweb\/wp-content\/uploads\/2019\/08\/IMG_7014-768x512.jpg 768w, https:\/\/www.amp.gob.sv\/ampweb\/wp-content\/uploads\/2019\/08\/IMG_7014-1024x683.jpg 1024w, https:\/\/www.amp.gob.sv\/ampweb\/wp-content\/uploads\/2019\/08\/IMG_7014-272x182.jpg 272w, https:\/\/www.amp.gob.sv\/ampweb\/wp-content\/uploads\/2019\/08\/IMG_7014.jpg 2048w\" sizes=\"(max-width: 150px) 100vw, 150px\" \/><\/a>\n\t\t\t<\/div><\/figure><figure class='gallery-item'>\n\t\t\t<div class='gallery-icon landscape'>\n\t\t\t\t<a href='https:\/\/www.amp.gob.sv\/ampweb\/el-salvador-se-estrena-como-estado-rector-del-puerto\/img_7030\/'><img width=\"150\" height=\"100\" src=\"https:\/\/www.amp.gob.sv\/ampweb\/wp-content\/uploads\/2019\/08\/IMG_7030-150x100.jpg\" class=\"attachment-thumbnail size-thumbnail\" alt=\"\" loading=\"lazy\" srcset=\"https:\/\/www.amp.gob.sv\/ampweb\/wp-content\/uploads\/2019\/08\/IMG_7030-150x100.jpg 150w, https:\/\/www.amp.gob.sv\/ampweb\/wp-content\/uploads\/2019\/08\/IMG_7030-300x200.jpg 300w, https:\/\/www.amp.gob.sv\/ampweb\/wp-content\/uploads\/2019\/08\/IMG_7030-768x512.jpg 768w, https:\/\/www.amp.gob.sv\/ampweb\/wp-content\/uploads\/2019\/08\/IMG_7030-1024x683.jpg 1024w, https:\/\/www.amp.gob.sv\/ampweb\/wp-content\/uploads\/2019\/08\/IMG_7030-272x182.jpg 272w, https:\/\/www.amp.gob.sv\/ampweb\/wp-content\/uploads\/2019\/08\/IMG_7030.jpg 2048w\" sizes=\"(max-width: 150px) 100vw, 150px\" \/><\/a>\n\t\t\t<\/div><\/figure><figure class='gallery-item'>\n\t\t\t<div class='gallery-icon landscape'>\n\t\t\t\t<a href='https:\/\/www.amp.gob.sv\/ampweb\/el-salvador-se-estrena-como-estado-rector-del-puerto\/img_7050\/'><img width=\"150\" height=\"100\" src=\"https:\/\/www.amp.gob.sv\/ampweb\/wp-content\/uploads\/2019\/08\/IMG_7050-150x100.jpg\" class=\"attachment-thumbnail size-thumbnail\" alt=\"\" loading=\"lazy\" srcset=\"https:\/\/www.amp.gob.sv\/ampweb\/wp-content\/uploads\/2019\/08\/IMG_7050-150x100.jpg 150w, https:\/\/www.amp.gob.sv\/ampweb\/wp-content\/uploads\/2019\/08\/IMG_7050-300x200.jpg 300w, https:\/\/www.amp.gob.sv\/ampweb\/wp-content\/uploads\/2019\/08\/IMG_7050-768x512.jpg 768w, https:\/\/www.amp.gob.sv\/ampweb\/wp-content\/uploads\/2019\/08\/IMG_7050-1024x683.jpg 1024w, https:\/\/www.amp.gob.sv\/ampweb\/wp-content\/uploads\/2019\/08\/IMG_7050-272x182.jpg 272w, https:\/\/www.amp.gob.sv\/ampweb\/wp-content\/uploads\/2019\/08\/IMG_7050.jpg 2048w\" sizes=\"(max-width: 150px) 100vw, 150px\" \/><\/a>\n\t\t\t<\/div><\/figure><figure class='gallery-item'>\n\t\t\t<div class='gallery-icon landscape'>\n\t\t\t\t<a href='https:\/\/www.amp.gob.sv\/ampweb\/el-salvador-se-estrena-como-estado-rector-del-puerto\/img_7080\/'><img width=\"150\" height=\"100\" src=\"https:\/\/www.amp.gob.sv\/ampweb\/wp-content\/uploads\/2019\/08\/IMG_7080-150x100.jpg\" class=\"attachment-thumbnail size-thumbnail\" alt=\"\" loading=\"lazy\" srcset=\"https:\/\/www.amp.gob.sv\/ampweb\/wp-content\/uploads\/2019\/08\/IMG_7080-150x100.jpg 150w, https:\/\/www.amp.gob.sv\/ampweb\/wp-content\/uploads\/2019\/08\/IMG_7080-300x200.jpg 300w, https:\/\/www.amp.gob.sv\/ampweb\/wp-content\/uploads\/2019\/08\/IMG_7080-768x512.jpg 768w, https:\/\/www.amp.gob.sv\/ampweb\/wp-content\/uploads\/2019\/08\/IMG_7080-1024x683.jpg 1024w, https:\/\/www.amp.gob.sv\/ampweb\/wp-content\/uploads\/2019\/08\/IMG_7080-272x182.jpg 272w, https:\/\/www.amp.gob.sv\/ampweb\/wp-content\/uploads\/2019\/08\/IMG_7080.jpg 2048w\" sizes=\"(max-width: 150px) 100vw, 150px\" \/><\/a>\n\t\t\t<\/div><\/figure><figure class='gallery-item'>\n\t\t\t<div class='gallery-icon landscape'>\n\t\t\t\t<a href='https:\/\/www.amp.gob.sv\/ampweb\/el-salvador-se-estrena-como-estado-rector-del-puerto\/img_7087\/'><img width=\"150\" height=\"100\" src=\"https:\/\/www.amp.gob.sv\/ampweb\/wp-content\/uploads\/2019\/08\/IMG_7087-150x100.jpg\" class=\"attachment-thumbnail size-thumbnail\" alt=\"\" loading=\"lazy\" srcset=\"https:\/\/www.amp.gob.sv\/ampweb\/wp-content\/uploads\/2019\/08\/IMG_7087-150x100.jpg 150w, https:\/\/www.amp.gob.sv\/ampweb\/wp-content\/uploads\/2019\/08\/IMG_7087-300x200.jpg 300w, https:\/\/www.amp.gob.sv\/ampweb\/wp-content\/uploads\/2019\/08\/IMG_7087-768x512.jpg 768w, https:\/\/www.amp.gob.sv\/ampweb\/wp-content\/uploads\/2019\/08\/IMG_7087-1024x683.jpg 1024w, https:\/\/www.amp.gob.sv\/ampweb\/wp-content\/uploads\/2019\/08\/IMG_7087-272x182.jpg 272w, https:\/\/www.amp.gob.sv\/ampweb\/wp-content\/uploads\/2019\/08\/IMG_7087.jpg 2048w\" sizes=\"(max-width: 150px) 100vw, 150px\" \/><\/a>\n\t\t\t<\/div><\/figure><figure class='gallery-item'>\n\t\t\t<div class='gallery-icon landscape'>\n\t\t\t\t<a href='https:\/\/www.amp.gob.sv\/ampweb\/el-salvador-se-estrena-como-estado-rector-del-puerto\/img_7128\/'><img width=\"150\" height=\"100\" src=\"https:\/\/www.amp.gob.sv\/ampweb\/wp-content\/uploads\/2019\/08\/IMG_7128-150x100.jpg\" class=\"attachment-thumbnail size-thumbnail\" alt=\"\" loading=\"lazy\" srcset=\"https:\/\/www.amp.gob.sv\/ampweb\/wp-content\/uploads\/2019\/08\/IMG_7128-150x100.jpg 150w, https:\/\/www.amp.gob.sv\/ampweb\/wp-content\/uploads\/2019\/08\/IMG_7128-300x200.jpg 300w, https:\/\/www.amp.gob.sv\/ampweb\/wp-content\/uploads\/2019\/08\/IMG_7128-768x512.jpg 768w, https:\/\/www.amp.gob.sv\/ampweb\/wp-content\/uploads\/2019\/08\/IMG_7128-1024x683.jpg 1024w, https:\/\/www.amp.gob.sv\/ampweb\/wp-content\/uploads\/2019\/08\/IMG_7128-272x182.jpg 272w, https:\/\/www.amp.gob.sv\/ampweb\/wp-content\/uploads\/2019\/08\/IMG_7128.jpg 2048w\" sizes=\"(max-width: 150px) 100vw, 150px\" \/><\/a>\n\t\t\t<\/div><\/figure><figure class='gallery-item'>\n\t\t\t<div class='gallery-icon landscape'>\n\t\t\t\t<a href='https:\/\/www.amp.gob.sv\/ampweb\/el-salvador-se-estrena-como-estado-rector-del-puerto\/img_7132\/'><img width=\"150\" height=\"100\" src=\"https:\/\/www.amp.gob.sv\/ampweb\/wp-content\/uploads\/2019\/08\/IMG_7132-150x100.jpg\" class=\"attachment-thumbnail size-thumbnail\" alt=\"\" loading=\"lazy\" srcset=\"https:\/\/www.amp.gob.sv\/ampweb\/wp-content\/uploads\/2019\/08\/IMG_7132-150x100.jpg 150w, https:\/\/www.amp.gob.sv\/ampweb\/wp-content\/uploads\/2019\/08\/IMG_7132-300x200.jpg 300w, https:\/\/www.amp.gob.sv\/ampweb\/wp-content\/uploads\/2019\/08\/IMG_7132-768x512.jpg 768w, https:\/\/www.amp.gob.sv\/ampweb\/wp-content\/uploads\/2019\/08\/IMG_7132-1024x683.jpg 1024w, https:\/\/www.amp.gob.sv\/ampweb\/wp-content\/uploads\/2019\/08\/IMG_7132-272x182.jpg 272w, https:\/\/www.amp.gob.sv\/ampweb\/wp-content\/uploads\/2019\/08\/IMG_7132.jpg 2048w\" sizes=\"(max-width: 150px) 100vw, 150px\" \/><\/a>\n\t\t\t<\/div><\/figure><figure class='gallery-item'>\n\t\t\t<div class='gallery-icon landscape'>\n\t\t\t\t<a href='https:\/\/www.amp.gob.sv\/ampweb\/el-salvador-se-estrena-como-estado-rector-del-puerto\/img_7166\/'><img width=\"150\" height=\"100\" src=\"https:\/\/www.amp.gob.sv\/ampweb\/wp-content\/uploads\/2019\/08\/IMG_7166-150x100.jpg\" class=\"attachment-thumbnail size-thumbnail\" alt=\"\" loading=\"lazy\" srcset=\"https:\/\/www.amp.gob.sv\/ampweb\/wp-content\/uploads\/2019\/08\/IMG_7166-150x100.jpg 150w, https:\/\/www.amp.gob.sv\/ampweb\/wp-content\/uploads\/2019\/08\/IMG_7166-300x200.jpg 300w, https:\/\/www.amp.gob.sv\/ampweb\/wp-content\/uploads\/2019\/08\/IMG_7166-768x512.jpg 768w, https:\/\/www.amp.gob.sv\/ampweb\/wp-content\/uploads\/2019\/08\/IMG_7166-1024x683.jpg 1024w, https:\/\/www.amp.gob.sv\/ampweb\/wp-content\/uploads\/2019\/08\/IMG_7166-272x182.jpg 272w, https:\/\/www.amp.gob.sv\/ampweb\/wp-content\/uploads\/2019\/08\/IMG_7166.jpg 2048w\" sizes=\"(max-width: 150px) 100vw, 150px\" \/><\/a>\n\t\t\t<\/div><\/figure><figure class='gallery-item'>\n\t\t\t<div class='gallery-icon landscape'>\n\t\t\t\t<a href='https:\/\/www.amp.gob.sv\/ampweb\/el-salvador-se-estrena-como-estado-rector-del-puerto\/img_7176\/'><img width=\"150\" height=\"100\" src=\"https:\/\/www.amp.gob.sv\/ampweb\/wp-content\/uploads\/2019\/08\/IMG_7176-150x100.jpg\" class=\"attachment-thumbnail size-thumbnail\" alt=\"\" loading=\"lazy\" srcset=\"https:\/\/www.amp.gob.sv\/ampweb\/wp-content\/uploads\/2019\/08\/IMG_7176-150x100.jpg 150w, https:\/\/www.amp.gob.sv\/ampweb\/wp-content\/uploads\/2019\/08\/IMG_7176-300x200.jpg 300w, https:\/\/www.amp.gob.sv\/ampweb\/wp-content\/uploads\/2019\/08\/IMG_7176-768x512.jpg 768w, https:\/\/www.amp.gob.sv\/ampweb\/wp-content\/uploads\/2019\/08\/IMG_7176-1024x683.jpg 1024w, https:\/\/www.amp.gob.sv\/ampweb\/wp-content\/uploads\/2019\/08\/IMG_7176-272x182.jpg 272w, https:\/\/www.amp.gob.sv\/ampweb\/wp-content\/uploads\/2019\/08\/IMG_7176.jpg 2048w\" sizes=\"(max-width: 150px) 100vw, 150px\" \/><\/a>\n\t\t\t<\/div><\/figure><figure class='gallery-item'>\n\t\t\t<div class='gallery-icon landscape'>\n\t\t\t\t<a href='https:\/\/www.amp.gob.sv\/ampweb\/el-salvador-se-estrena-como-estado-rector-del-puerto\/img_6927-2\/'><img width=\"150\" height=\"100\" src=\"https:\/\/www.amp.gob.sv\/ampweb\/wp-content\/uploads\/2019\/08\/IMG_6927-1-150x100.jpg\" class=\"attachment-thumbnail size-thumbnail\" alt=\"\" loading=\"lazy\" srcset=\"https:\/\/www.amp.gob.sv\/ampweb\/wp-content\/uploads\/2019\/08\/IMG_6927-1-150x100.jpg 150w, https:\/\/www.amp.gob.sv\/ampweb\/wp-content\/uploads\/2019\/08\/IMG_6927-1-300x200.jpg 300w, https:\/\/www.amp.gob.sv\/ampweb\/wp-content\/uploads\/2019\/08\/IMG_6927-1-768x512.jpg 768w, https:\/\/www.amp.gob.sv\/ampweb\/wp-content\/uploads\/2019\/08\/IMG_6927-1-1024x683.jpg 1024w, https:\/\/www.amp.gob.sv\/ampweb\/wp-content\/uploads\/2019\/08\/IMG_6927-1-272x182.jpg 272w, https:\/\/www.amp.gob.sv\/ampweb\/wp-content\/uploads\/2019\/08\/IMG_6927-1.jpg 2048w\" sizes=\"(max-width: 150px) 100vw, 150px\" \/><\/a>\n\t\t\t<\/div><\/figure><figure class='gallery-item'>\n\t\t\t<div class='gallery-icon landscape'>\n\t\t\t\t<a href='https:\/\/www.amp.gob.sv\/ampweb\/el-salvador-se-estrena-como-estado-rector-del-puerto\/img_6936-3\/'><img width=\"150\" height=\"100\" src=\"https:\/\/www.amp.gob.sv\/ampweb\/wp-content\/uploads\/2019\/08\/IMG_6936-2-150x100.jpg\" class=\"attachment-thumbnail size-thumbnail\" alt=\"\" loading=\"lazy\" srcset=\"https:\/\/www.amp.gob.sv\/ampweb\/wp-content\/uploads\/2019\/08\/IMG_6936-2-150x100.jpg 150w, https:\/\/www.amp.gob.sv\/ampweb\/wp-content\/uploads\/2019\/08\/IMG_6936-2-300x200.jpg 300w, https:\/\/www.amp.gob.sv\/ampweb\/wp-content\/uploads\/2019\/08\/IMG_6936-2-768x512.jpg 768w, https:\/\/www.amp.gob.sv\/ampweb\/wp-content\/uploads\/2019\/08\/IMG_6936-2-1024x683.jpg 1024w, https:\/\/www.amp.gob.sv\/ampweb\/wp-content\/uploads\/2019\/08\/IMG_6936-2-272x182.jpg 272w, https:\/\/www.amp.gob.sv\/ampweb\/wp-content\/uploads\/2019\/08\/IMG_6936-2.jpg 2048w\" sizes=\"(max-width: 150px) 100vw, 150px\" \/><\/a>\n\t\t\t<\/div><\/figure>\n\t\t<\/div>\n\n","protected":false},"excerpt":{"rendered":"<p>El Gobierno de El Salvador a trav\u00e9s de la Autoridad Mar\u00edtima Portuaria apertura la primera inspecci\u00f3n como Estado Rector del Puerto durante un acto oficial en el Puerto de Acajutla, donde particip\u00f3 el Director Ejecutivo de la AMP, Capit\u00e1n Jim\u00e9nez, miembros del Consejo Directivo AMP, representantes de instituciones aliadas y el Capit\u00e1n Teodor Mcoczkowski del [&hellip;]<\/p>\n","protected":false},"author":155,"featured_media":3984,"comment_status":"closed","ping_status":"closed","sticky":false,"template":"","format":"standard","meta":[],"categories":[25,29],"tags":[],"_links":{"self":[{"href":"https:\/\/www.amp.gob.sv\/ampweb\/wp-json\/wp\/v2\/posts\/3962"}],"collection":[{"href":"https:\/\/www.amp.gob.sv\/ampweb\/wp-json\/wp\/v2\/posts"}],"about":[{"href":"https:\/\/www.amp.gob.sv\/ampweb\/wp-json\/wp\/v2\/types\/post"}],"author":[{"embeddable":true,"href":"https:\/\/www.amp.gob.sv\/ampweb\/wp-json\/wp\/v2\/users\/155"}],"replies":[{"embeddable":true,"href":"https:\/\/www.amp.gob.sv\/ampweb\/wp-json\/wp\/v2\/comments?post=3962"}],"version-history":[{"count":1,"href":"https:\/\/www.amp.gob.sv\/ampweb\/wp-json\/wp\/v2\/posts\/3962\/revisions"}],"predecessor-version":[{"id":3986,"href":"https:\/\/www.amp.gob.sv\/ampweb\/wp-json\/wp\/v2\/posts\/3962\/revisions\/3986"}],"wp:featuredmedia":[{"embeddable":true,"href":"https:\/\/www.amp.gob.sv\/ampweb\/wp-json\/wp\/v2\/media\/3984"}],"wp:attachment":[{"href":"https:\/\/www.amp.gob.sv\/ampweb\/wp-json\/wp\/v2\/media?parent=3962"}],"wp:term":[{"taxonomy":"category","embeddable":true,"href":"https:\/\/www.amp.gob.sv\/ampweb\/wp-json\/wp\/v2\/categories?post=3962"},{"taxonomy":"post_tag","embeddable":true,"href":"https:\/\/www.amp.gob.sv\/ampweb\/wp-json\/wp\/v2\/tags?post=3962"}],"curies":[{"name":"wp","href":"https:\/\/api.w.org\/{rel}","templated":true}]}}