{"id":4120,"date":"2019-11-15T14:15:33","date_gmt":"2019-11-15T20:15:33","guid":{"rendered":"https:\/\/www.amp.gob.sv\/ampweb\/?p=4120"},"modified":"2019-11-15T14:18:34","modified_gmt":"2019-11-15T20:18:34","slug":"amp-participa-en-la-inauguracion-del-torneo-de-pesca-marlin","status":"publish","type":"post","link":"https:\/\/www.amp.gob.sv\/ampweb\/amp-participa-en-la-inauguracion-del-torneo-de-pesca-marlin\/","title":{"rendered":"AMP participa en la Inauguraci\u00f3n del Torneo de Pesca Marlin"},"content":{"rendered":"<p>El Director Ejecutivo de la AMP, Capit\u00e1n de Nav\u00edo Guillermo Jim\u00e9nez, participa en la inauguraci\u00f3n del Torneo Internacional de la Pesca Marlin 2019, que se realiz\u00f3 en el Hotel Bah\u00eda del Sol, Costa del Sol, La Paz.<\/p>\n<p>En el mensaje emitido en el discurso del nuestro director se enfatiz\u00f3 la importancia que tiene este evento porque fomenta el turismo en nuestro pa\u00eds y sobretodo que fomenta la cultura mar\u00edtima nacional. As\u00ed mismo agradeci\u00f3 y dio la bienvenida a los visitantes extranjeros que estaban participando en el evento.<\/p>\n<p><!--more--><\/p>\n<p>En este a\u00f1o 2019 el torneo cumple 25 a\u00f1os de estarse celebrando en nuestro pa\u00eds, y en esta edici\u00f3n cont\u00f3 con 34 embarcaciones inscritas para la competencia, de pa\u00edses como Estados unidos, Costa Rica, Guatemala y El Salvador.<\/p>\n<p>Paralelo a ello, el equipo de delegados y t\u00e9cnicos AMP estuvieron presentes para realizar la emisi\u00f3n de zarpes y permisos temporales para las embarcaciones a participar en el torneo. As\u00ed mismo se brind\u00f3 asesor\u00eda para las personas en tramitar matr\u00edculas de embarcaciones y licencias de Gente de Mar.<\/p>\n<div id='gallery-1' class='gallery galleryid-4120 gallery-columns-3 gallery-size-thumbnail'><figure class='gallery-item'>\n\t\t\t<div class='gallery-icon landscape'>\n\t\t\t\t<a href='https:\/\/www.amp.gob.sv\/ampweb\/amp-participa-en-la-inauguracion-del-torneo-de-pesca-marlin\/img_8924\/'><img width=\"150\" height=\"100\" src=\"https:\/\/www.amp.gob.sv\/ampweb\/wp-content\/uploads\/2019\/11\/IMG_8924-150x100.jpg\" class=\"attachment-thumbnail size-thumbnail\" alt=\"\" loading=\"lazy\" srcset=\"https:\/\/www.amp.gob.sv\/ampweb\/wp-content\/uploads\/2019\/11\/IMG_8924-150x100.jpg 150w, https:\/\/www.amp.gob.sv\/ampweb\/wp-content\/uploads\/2019\/11\/IMG_8924-300x200.jpg 300w, https:\/\/www.amp.gob.sv\/ampweb\/wp-content\/uploads\/2019\/11\/IMG_8924-768x512.jpg 768w, https:\/\/www.amp.gob.sv\/ampweb\/wp-content\/uploads\/2019\/11\/IMG_8924-1024x683.jpg 1024w, https:\/\/www.amp.gob.sv\/ampweb\/wp-content\/uploads\/2019\/11\/IMG_8924-272x182.jpg 272w, https:\/\/www.amp.gob.sv\/ampweb\/wp-content\/uploads\/2019\/11\/IMG_8924.jpg 2048w\" sizes=\"(max-width: 150px) 100vw, 150px\" \/><\/a>\n\t\t\t<\/div><\/figure><figure class='gallery-item'>\n\t\t\t<div class='gallery-icon landscape'>\n\t\t\t\t<a href='https:\/\/www.amp.gob.sv\/ampweb\/amp-participa-en-la-inauguracion-del-torneo-de-pesca-marlin\/img_8990\/'><img width=\"150\" height=\"100\" src=\"https:\/\/www.amp.gob.sv\/ampweb\/wp-content\/uploads\/2019\/11\/IMG_8990-150x100.jpg\" class=\"attachment-thumbnail size-thumbnail\" alt=\"\" loading=\"lazy\" srcset=\"https:\/\/www.amp.gob.sv\/ampweb\/wp-content\/uploads\/2019\/11\/IMG_8990-150x100.jpg 150w, https:\/\/www.amp.gob.sv\/ampweb\/wp-content\/uploads\/2019\/11\/IMG_8990-300x200.jpg 300w, https:\/\/www.amp.gob.sv\/ampweb\/wp-content\/uploads\/2019\/11\/IMG_8990-768x512.jpg 768w, https:\/\/www.amp.gob.sv\/ampweb\/wp-content\/uploads\/2019\/11\/IMG_8990-1024x683.jpg 1024w, https:\/\/www.amp.gob.sv\/ampweb\/wp-content\/uploads\/2019\/11\/IMG_8990-272x182.jpg 272w, https:\/\/www.amp.gob.sv\/ampweb\/wp-content\/uploads\/2019\/11\/IMG_8990.jpg 2048w\" sizes=\"(max-width: 150px) 100vw, 150px\" \/><\/a>\n\t\t\t<\/div><\/figure><figure class='gallery-item'>\n\t\t\t<div class='gallery-icon landscape'>\n\t\t\t\t<a href='https:\/\/www.amp.gob.sv\/ampweb\/amp-participa-en-la-inauguracion-del-torneo-de-pesca-marlin\/img_9001\/'><img width=\"150\" height=\"100\" src=\"https:\/\/www.amp.gob.sv\/ampweb\/wp-content\/uploads\/2019\/11\/IMG_9001-150x100.jpg\" class=\"attachment-thumbnail size-thumbnail\" alt=\"\" loading=\"lazy\" srcset=\"https:\/\/www.amp.gob.sv\/ampweb\/wp-content\/uploads\/2019\/11\/IMG_9001-150x100.jpg 150w, https:\/\/www.amp.gob.sv\/ampweb\/wp-content\/uploads\/2019\/11\/IMG_9001-300x200.jpg 300w, https:\/\/www.amp.gob.sv\/ampweb\/wp-content\/uploads\/2019\/11\/IMG_9001-768x512.jpg 768w, https:\/\/www.amp.gob.sv\/ampweb\/wp-content\/uploads\/2019\/11\/IMG_9001-1024x683.jpg 1024w, https:\/\/www.amp.gob.sv\/ampweb\/wp-content\/uploads\/2019\/11\/IMG_9001-272x182.jpg 272w, https:\/\/www.amp.gob.sv\/ampweb\/wp-content\/uploads\/2019\/11\/IMG_9001.jpg 2048w\" sizes=\"(max-width: 150px) 100vw, 150px\" \/><\/a>\n\t\t\t<\/div><\/figure><figure class='gallery-item'>\n\t\t\t<div class='gallery-icon landscape'>\n\t\t\t\t<a href='https:\/\/www.amp.gob.sv\/ampweb\/amp-participa-en-la-inauguracion-del-torneo-de-pesca-marlin\/img_8932\/'><img width=\"150\" height=\"100\" src=\"https:\/\/www.amp.gob.sv\/ampweb\/wp-content\/uploads\/2019\/11\/IMG_8932-150x100.jpg\" class=\"attachment-thumbnail size-thumbnail\" alt=\"\" loading=\"lazy\" srcset=\"https:\/\/www.amp.gob.sv\/ampweb\/wp-content\/uploads\/2019\/11\/IMG_8932-150x100.jpg 150w, https:\/\/www.amp.gob.sv\/ampweb\/wp-content\/uploads\/2019\/11\/IMG_8932-300x200.jpg 300w, https:\/\/www.amp.gob.sv\/ampweb\/wp-content\/uploads\/2019\/11\/IMG_8932-768x512.jpg 768w, https:\/\/www.amp.gob.sv\/ampweb\/wp-content\/uploads\/2019\/11\/IMG_8932-1024x683.jpg 1024w, https:\/\/www.amp.gob.sv\/ampweb\/wp-content\/uploads\/2019\/11\/IMG_8932-272x182.jpg 272w, https:\/\/www.amp.gob.sv\/ampweb\/wp-content\/uploads\/2019\/11\/IMG_8932.jpg 2048w\" sizes=\"(max-width: 150px) 100vw, 150px\" \/><\/a>\n\t\t\t<\/div><\/figure><figure class='gallery-item'>\n\t\t\t<div class='gallery-icon landscape'>\n\t\t\t\t<a href='https:\/\/www.amp.gob.sv\/ampweb\/amp-participa-en-la-inauguracion-del-torneo-de-pesca-marlin\/img_8933\/'><img width=\"150\" height=\"100\" src=\"https:\/\/www.amp.gob.sv\/ampweb\/wp-content\/uploads\/2019\/11\/IMG_8933-150x100.jpg\" class=\"attachment-thumbnail size-thumbnail\" alt=\"\" loading=\"lazy\" srcset=\"https:\/\/www.amp.gob.sv\/ampweb\/wp-content\/uploads\/2019\/11\/IMG_8933-150x100.jpg 150w, https:\/\/www.amp.gob.sv\/ampweb\/wp-content\/uploads\/2019\/11\/IMG_8933-300x200.jpg 300w, https:\/\/www.amp.gob.sv\/ampweb\/wp-content\/uploads\/2019\/11\/IMG_8933-768x512.jpg 768w, https:\/\/www.amp.gob.sv\/ampweb\/wp-content\/uploads\/2019\/11\/IMG_8933-1024x683.jpg 1024w, https:\/\/www.amp.gob.sv\/ampweb\/wp-content\/uploads\/2019\/11\/IMG_8933-272x182.jpg 272w, https:\/\/www.amp.gob.sv\/ampweb\/wp-content\/uploads\/2019\/11\/IMG_8933.jpg 2048w\" sizes=\"(max-width: 150px) 100vw, 150px\" \/><\/a>\n\t\t\t<\/div><\/figure><figure class='gallery-item'>\n\t\t\t<div class='gallery-icon landscape'>\n\t\t\t\t<a href='https:\/\/www.amp.gob.sv\/ampweb\/amp-participa-en-la-inauguracion-del-torneo-de-pesca-marlin\/img_8975\/'><img width=\"150\" height=\"100\" src=\"https:\/\/www.amp.gob.sv\/ampweb\/wp-content\/uploads\/2019\/11\/IMG_8975-150x100.jpg\" class=\"attachment-thumbnail size-thumbnail\" alt=\"\" loading=\"lazy\" srcset=\"https:\/\/www.amp.gob.sv\/ampweb\/wp-content\/uploads\/2019\/11\/IMG_8975-150x100.jpg 150w, https:\/\/www.amp.gob.sv\/ampweb\/wp-content\/uploads\/2019\/11\/IMG_8975-300x200.jpg 300w, https:\/\/www.amp.gob.sv\/ampweb\/wp-content\/uploads\/2019\/11\/IMG_8975-768x512.jpg 768w, https:\/\/www.amp.gob.sv\/ampweb\/wp-content\/uploads\/2019\/11\/IMG_8975-1024x683.jpg 1024w, https:\/\/www.amp.gob.sv\/ampweb\/wp-content\/uploads\/2019\/11\/IMG_8975-272x182.jpg 272w, https:\/\/www.amp.gob.sv\/ampweb\/wp-content\/uploads\/2019\/11\/IMG_8975.jpg 2048w\" sizes=\"(max-width: 150px) 100vw, 150px\" \/><\/a>\n\t\t\t<\/div><\/figure><figure class='gallery-item'>\n\t\t\t<div class='gallery-icon landscape'>\n\t\t\t\t<a href='https:\/\/www.amp.gob.sv\/ampweb\/amp-participa-en-la-inauguracion-del-torneo-de-pesca-marlin\/img_8982\/'><img width=\"150\" height=\"100\" src=\"https:\/\/www.amp.gob.sv\/ampweb\/wp-content\/uploads\/2019\/11\/IMG_8982-150x100.jpg\" class=\"attachment-thumbnail size-thumbnail\" alt=\"\" loading=\"lazy\" srcset=\"https:\/\/www.amp.gob.sv\/ampweb\/wp-content\/uploads\/2019\/11\/IMG_8982-150x100.jpg 150w, https:\/\/www.amp.gob.sv\/ampweb\/wp-content\/uploads\/2019\/11\/IMG_8982-300x200.jpg 300w, https:\/\/www.amp.gob.sv\/ampweb\/wp-content\/uploads\/2019\/11\/IMG_8982-768x512.jpg 768w, https:\/\/www.amp.gob.sv\/ampweb\/wp-content\/uploads\/2019\/11\/IMG_8982-1024x683.jpg 1024w, https:\/\/www.amp.gob.sv\/ampweb\/wp-content\/uploads\/2019\/11\/IMG_8982-272x182.jpg 272w, https:\/\/www.amp.gob.sv\/ampweb\/wp-content\/uploads\/2019\/11\/IMG_8982.jpg 2048w\" sizes=\"(max-width: 150px) 100vw, 150px\" \/><\/a>\n\t\t\t<\/div><\/figure><figure class='gallery-item'>\n\t\t\t<div class='gallery-icon landscape'>\n\t\t\t\t<a href='https:\/\/www.amp.gob.sv\/ampweb\/amp-participa-en-la-inauguracion-del-torneo-de-pesca-marlin\/img_8984\/'><img width=\"150\" height=\"100\" src=\"https:\/\/www.amp.gob.sv\/ampweb\/wp-content\/uploads\/2019\/11\/IMG_8984-150x100.jpg\" class=\"attachment-thumbnail size-thumbnail\" alt=\"\" loading=\"lazy\" srcset=\"https:\/\/www.amp.gob.sv\/ampweb\/wp-content\/uploads\/2019\/11\/IMG_8984-150x100.jpg 150w, https:\/\/www.amp.gob.sv\/ampweb\/wp-content\/uploads\/2019\/11\/IMG_8984-300x200.jpg 300w, https:\/\/www.amp.gob.sv\/ampweb\/wp-content\/uploads\/2019\/11\/IMG_8984-768x512.jpg 768w, https:\/\/www.amp.gob.sv\/ampweb\/wp-content\/uploads\/2019\/11\/IMG_8984-1024x683.jpg 1024w, https:\/\/www.amp.gob.sv\/ampweb\/wp-content\/uploads\/2019\/11\/IMG_8984-272x182.jpg 272w, https:\/\/www.amp.gob.sv\/ampweb\/wp-content\/uploads\/2019\/11\/IMG_8984.jpg 2048w\" sizes=\"(max-width: 150px) 100vw, 150px\" \/><\/a>\n\t\t\t<\/div><\/figure><figure class='gallery-item'>\n\t\t\t<div class='gallery-icon landscape'>\n\t\t\t\t<a href='https:\/\/www.amp.gob.sv\/ampweb\/amp-participa-en-la-inauguracion-del-torneo-de-pesca-marlin\/img_8921\/'><img width=\"150\" height=\"100\" src=\"https:\/\/www.amp.gob.sv\/ampweb\/wp-content\/uploads\/2019\/11\/IMG_8921-150x100.jpg\" class=\"attachment-thumbnail size-thumbnail\" alt=\"\" loading=\"lazy\" srcset=\"https:\/\/www.amp.gob.sv\/ampweb\/wp-content\/uploads\/2019\/11\/IMG_8921-150x100.jpg 150w, https:\/\/www.amp.gob.sv\/ampweb\/wp-content\/uploads\/2019\/11\/IMG_8921-300x200.jpg 300w, https:\/\/www.amp.gob.sv\/ampweb\/wp-content\/uploads\/2019\/11\/IMG_8921-768x512.jpg 768w, https:\/\/www.amp.gob.sv\/ampweb\/wp-content\/uploads\/2019\/11\/IMG_8921-1024x683.jpg 1024w, https:\/\/www.amp.gob.sv\/ampweb\/wp-content\/uploads\/2019\/11\/IMG_8921-272x182.jpg 272w, https:\/\/www.amp.gob.sv\/ampweb\/wp-content\/uploads\/2019\/11\/IMG_8921.jpg 2048w\" sizes=\"(max-width: 150px) 100vw, 150px\" \/><\/a>\n\t\t\t<\/div><\/figure><figure class='gallery-item'>\n\t\t\t<div class='gallery-icon landscape'>\n\t\t\t\t<a href='https:\/\/www.amp.gob.sv\/ampweb\/amp-participa-en-la-inauguracion-del-torneo-de-pesca-marlin\/img_8909\/'><img width=\"150\" height=\"100\" src=\"https:\/\/www.amp.gob.sv\/ampweb\/wp-content\/uploads\/2019\/11\/IMG_8909-150x100.jpg\" class=\"attachment-thumbnail size-thumbnail\" alt=\"\" loading=\"lazy\" srcset=\"https:\/\/www.amp.gob.sv\/ampweb\/wp-content\/uploads\/2019\/11\/IMG_8909-150x100.jpg 150w, https:\/\/www.amp.gob.sv\/ampweb\/wp-content\/uploads\/2019\/11\/IMG_8909-300x200.jpg 300w, https:\/\/www.amp.gob.sv\/ampweb\/wp-content\/uploads\/2019\/11\/IMG_8909-768x512.jpg 768w, https:\/\/www.amp.gob.sv\/ampweb\/wp-content\/uploads\/2019\/11\/IMG_8909-1024x683.jpg 1024w, https:\/\/www.amp.gob.sv\/ampweb\/wp-content\/uploads\/2019\/11\/IMG_8909-272x182.jpg 272w, https:\/\/www.amp.gob.sv\/ampweb\/wp-content\/uploads\/2019\/11\/IMG_8909.jpg 2048w\" sizes=\"(max-width: 150px) 100vw, 150px\" \/><\/a>\n\t\t\t<\/div><\/figure><figure class='gallery-item'>\n\t\t\t<div class='gallery-icon landscape'>\n\t\t\t\t<a href='https:\/\/www.amp.gob.sv\/ampweb\/amp-participa-en-la-inauguracion-del-torneo-de-pesca-marlin\/img_8913\/'><img width=\"150\" height=\"100\" src=\"https:\/\/www.amp.gob.sv\/ampweb\/wp-content\/uploads\/2019\/11\/IMG_8913-150x100.jpg\" class=\"attachment-thumbnail size-thumbnail\" alt=\"\" loading=\"lazy\" srcset=\"https:\/\/www.amp.gob.sv\/ampweb\/wp-content\/uploads\/2019\/11\/IMG_8913-150x100.jpg 150w, https:\/\/www.amp.gob.sv\/ampweb\/wp-content\/uploads\/2019\/11\/IMG_8913-300x200.jpg 300w, https:\/\/www.amp.gob.sv\/ampweb\/wp-content\/uploads\/2019\/11\/IMG_8913-768x512.jpg 768w, https:\/\/www.amp.gob.sv\/ampweb\/wp-content\/uploads\/2019\/11\/IMG_8913-1024x683.jpg 1024w, https:\/\/www.amp.gob.sv\/ampweb\/wp-content\/uploads\/2019\/11\/IMG_8913-272x182.jpg 272w, https:\/\/www.amp.gob.sv\/ampweb\/wp-content\/uploads\/2019\/11\/IMG_8913.jpg 2048w\" sizes=\"(max-width: 150px) 100vw, 150px\" \/><\/a>\n\t\t\t<\/div><\/figure><figure class='gallery-item'>\n\t\t\t<div class='gallery-icon landscape'>\n\t\t\t\t<a href='https:\/\/www.amp.gob.sv\/ampweb\/amp-participa-en-la-inauguracion-del-torneo-de-pesca-marlin\/img_8919\/'><img width=\"150\" height=\"100\" src=\"https:\/\/www.amp.gob.sv\/ampweb\/wp-content\/uploads\/2019\/11\/IMG_8919-150x100.jpg\" class=\"attachment-thumbnail size-thumbnail\" alt=\"\" loading=\"lazy\" srcset=\"https:\/\/www.amp.gob.sv\/ampweb\/wp-content\/uploads\/2019\/11\/IMG_8919-150x100.jpg 150w, https:\/\/www.amp.gob.sv\/ampweb\/wp-content\/uploads\/2019\/11\/IMG_8919-300x200.jpg 300w, https:\/\/www.amp.gob.sv\/ampweb\/wp-content\/uploads\/2019\/11\/IMG_8919-768x512.jpg 768w, https:\/\/www.amp.gob.sv\/ampweb\/wp-content\/uploads\/2019\/11\/IMG_8919-1024x683.jpg 1024w, https:\/\/www.amp.gob.sv\/ampweb\/wp-content\/uploads\/2019\/11\/IMG_8919-272x182.jpg 272w, https:\/\/www.amp.gob.sv\/ampweb\/wp-content\/uploads\/2019\/11\/IMG_8919.jpg 2048w\" sizes=\"(max-width: 150px) 100vw, 150px\" \/><\/a>\n\t\t\t<\/div><\/figure>\n\t\t<\/div>\n\n","protected":false},"excerpt":{"rendered":"<p>El Director Ejecutivo de la AMP, Capit\u00e1n de Nav\u00edo Guillermo Jim\u00e9nez, participa en la inauguraci\u00f3n del Torneo Internacional de la Pesca Marlin 2019, que se realiz\u00f3 en el Hotel Bah\u00eda del Sol, Costa del Sol, La Paz. En el mensaje emitido en el discurso del nuestro director se enfatiz\u00f3 la importancia que tiene este evento [&hellip;]<\/p>\n","protected":false},"author":155,"featured_media":4129,"comment_status":"closed","ping_status":"closed","sticky":false,"template":"","format":"standard","meta":[],"categories":[25,29],"tags":[],"_links":{"self":[{"href":"https:\/\/www.amp.gob.sv\/ampweb\/wp-json\/wp\/v2\/posts\/4120"}],"collection":[{"href":"https:\/\/www.amp.gob.sv\/ampweb\/wp-json\/wp\/v2\/posts"}],"about":[{"href":"https:\/\/www.amp.gob.sv\/ampweb\/wp-json\/wp\/v2\/types\/post"}],"author":[{"embeddable":true,"href":"https:\/\/www.amp.gob.sv\/ampweb\/wp-json\/wp\/v2\/users\/155"}],"replies":[{"embeddable":true,"href":"https:\/\/www.amp.gob.sv\/ampweb\/wp-json\/wp\/v2\/comments?post=4120"}],"version-history":[{"count":1,"href":"https:\/\/www.amp.gob.sv\/ampweb\/wp-json\/wp\/v2\/posts\/4120\/revisions"}],"predecessor-version":[{"id":4134,"href":"https:\/\/www.amp.gob.sv\/ampweb\/wp-json\/wp\/v2\/posts\/4120\/revisions\/4134"}],"wp:featuredmedia":[{"embeddable":true,"href":"https:\/\/www.amp.gob.sv\/ampweb\/wp-json\/wp\/v2\/media\/4129"}],"wp:attachment":[{"href":"https:\/\/www.amp.gob.sv\/ampweb\/wp-json\/wp\/v2\/media?parent=4120"}],"wp:term":[{"taxonomy":"category","embeddable":true,"href":"https:\/\/www.amp.gob.sv\/ampweb\/wp-json\/wp\/v2\/categories?post=4120"},{"taxonomy":"post_tag","embeddable":true,"href":"https:\/\/www.amp.gob.sv\/ampweb\/wp-json\/wp\/v2\/tags?post=4120"}],"curies":[{"name":"wp","href":"https:\/\/api.w.org\/{rel}","templated":true}]}}