{"id":4244,"date":"2020-01-21T10:10:50","date_gmt":"2020-01-21T16:10:50","guid":{"rendered":"https:\/\/www.amp.gob.sv\/ampweb\/?p=4244"},"modified":"2020-06-22T15:46:19","modified_gmt":"2020-06-22T21:46:19","slug":"amp-se-une-al-abastecimiento-de-agua-en-san-salvador","status":"publish","type":"post","link":"https:\/\/www.amp.gob.sv\/ampweb\/amp-se-une-al-abastecimiento-de-agua-en-san-salvador\/","title":{"rendered":"AMP se une al abastecimiento de agua en San Salvador"},"content":{"rendered":"<p>Empleados de la Autoridad Mar\u00edtima Portuaria se encuentran participando en la campa\u00f1a de abasteciendo en varios municipios del Gran San Salvador ante la problem\u00e1tica ambiental del agua presentada recientemente.<\/p>\n<p>Las actividades impulsadas por la Administraci\u00f3n Nacional de Acueductos y Alcantarillados (ANDA) se han visto apoyadas por diversas instituciones como el Ministerio de la Defensa, Ministerio de Salud, Ministerio de Medio Ambiente, CEPA, AMP y otros m\u00e1s.<\/p>\n<p>Un promedio de 20 empleados de la Autoridad Mar\u00edtima se encuentra repartiendo botellas con agua en diversos municipios como Soyapango, Ilopango, San Marcos y otros en el \u00c1rea Metropolitana de San Salvador. Tambi\u00e9n acompa\u00f1an los camiones cisternas o \u201cpipas\u201d de ANDA.<\/p>\n<p><!--more--><\/p>\n<p>Ante esta problem\u00e1tica, el Director Ejecutivo AMP, Capit\u00e1n Guillermo Jim\u00e9nez, ha expresado que los recursos de la instituci\u00f3n se encuentran a disposici\u00f3n para atender la contingencia y que el personal AMP estar\u00e1 al servicio de la poblaci\u00f3n hasta que lo disponga en Presidente de la Rep\u00fablica, Nayib Bukele.<\/p>\n<div id='gallery-1' class='gallery galleryid-4244 gallery-columns-3 gallery-size-thumbnail'><figure class='gallery-item'>\n\t\t\t<div class='gallery-icon landscape'>\n\t\t\t\t<a href='https:\/\/www.amp.gob.sv\/ampweb\/amp-se-une-al-abastecimiento-de-agua-en-san-salvador\/82562539_1297118560482394_8253276329282109440_o\/'><img width=\"150\" height=\"100\" src=\"https:\/\/www.amp.gob.sv\/ampweb\/wp-content\/uploads\/2020\/01\/82562539_1297118560482394_8253276329282109440_o-150x100.png\" class=\"attachment-thumbnail size-thumbnail\" alt=\"\" loading=\"lazy\" srcset=\"https:\/\/www.amp.gob.sv\/ampweb\/wp-content\/uploads\/2020\/01\/82562539_1297118560482394_8253276329282109440_o-150x100.png 150w, https:\/\/www.amp.gob.sv\/ampweb\/wp-content\/uploads\/2020\/01\/82562539_1297118560482394_8253276329282109440_o-300x200.png 300w, https:\/\/www.amp.gob.sv\/ampweb\/wp-content\/uploads\/2020\/01\/82562539_1297118560482394_8253276329282109440_o-768x512.png 768w, https:\/\/www.amp.gob.sv\/ampweb\/wp-content\/uploads\/2020\/01\/82562539_1297118560482394_8253276329282109440_o-1024x683.png 1024w, https:\/\/www.amp.gob.sv\/ampweb\/wp-content\/uploads\/2020\/01\/82562539_1297118560482394_8253276329282109440_o-272x182.png 272w, https:\/\/www.amp.gob.sv\/ampweb\/wp-content\/uploads\/2020\/01\/82562539_1297118560482394_8253276329282109440_o.png 1116w\" sizes=\"(max-width: 150px) 100vw, 150px\" \/><\/a>\n\t\t\t<\/div><\/figure><figure class='gallery-item'>\n\t\t\t<div class='gallery-icon landscape'>\n\t\t\t\t<a href='https:\/\/www.amp.gob.sv\/ampweb\/amp-se-une-al-abastecimiento-de-agua-en-san-salvador\/82736683_2528731330571033_4231800348689301504_n\/'><img width=\"150\" height=\"112\" src=\"https:\/\/www.amp.gob.sv\/ampweb\/wp-content\/uploads\/2020\/01\/82736683_2528731330571033_4231800348689301504_n-150x112.jpg\" class=\"attachment-thumbnail size-thumbnail\" alt=\"\" loading=\"lazy\" srcset=\"https:\/\/www.amp.gob.sv\/ampweb\/wp-content\/uploads\/2020\/01\/82736683_2528731330571033_4231800348689301504_n-150x112.jpg 150w, https:\/\/www.amp.gob.sv\/ampweb\/wp-content\/uploads\/2020\/01\/82736683_2528731330571033_4231800348689301504_n-300x225.jpg 300w, https:\/\/www.amp.gob.sv\/ampweb\/wp-content\/uploads\/2020\/01\/82736683_2528731330571033_4231800348689301504_n.jpg 750w\" sizes=\"(max-width: 150px) 100vw, 150px\" \/><\/a>\n\t\t\t<\/div><\/figure><figure class='gallery-item'>\n\t\t\t<div class='gallery-icon landscape'>\n\t\t\t\t<a href='https:\/\/www.amp.gob.sv\/ampweb\/amp-se-une-al-abastecimiento-de-agua-en-san-salvador\/82860722_2528336963943803_1415962447323332608_o\/'><img width=\"150\" height=\"113\" src=\"https:\/\/www.amp.gob.sv\/ampweb\/wp-content\/uploads\/2020\/01\/82860722_2528336963943803_1415962447323332608_o-150x113.jpg\" class=\"attachment-thumbnail size-thumbnail\" alt=\"\" loading=\"lazy\" srcset=\"https:\/\/www.amp.gob.sv\/ampweb\/wp-content\/uploads\/2020\/01\/82860722_2528336963943803_1415962447323332608_o-150x113.jpg 150w, https:\/\/www.amp.gob.sv\/ampweb\/wp-content\/uploads\/2020\/01\/82860722_2528336963943803_1415962447323332608_o-300x225.jpg 300w, https:\/\/www.amp.gob.sv\/ampweb\/wp-content\/uploads\/2020\/01\/82860722_2528336963943803_1415962447323332608_o-768x576.jpg 768w, https:\/\/www.amp.gob.sv\/ampweb\/wp-content\/uploads\/2020\/01\/82860722_2528336963943803_1415962447323332608_o-1024x768.jpg 1024w, https:\/\/www.amp.gob.sv\/ampweb\/wp-content\/uploads\/2020\/01\/82860722_2528336963943803_1415962447323332608_o.jpg 1280w\" sizes=\"(max-width: 150px) 100vw, 150px\" \/><\/a>\n\t\t\t<\/div><\/figure><figure class='gallery-item'>\n\t\t\t<div class='gallery-icon landscape'>\n\t\t\t\t<a href='https:\/\/www.amp.gob.sv\/ampweb\/amp-se-une-al-abastecimiento-de-agua-en-san-salvador\/82973828_2528732323904267_6090893633005813760_n\/'><img width=\"150\" height=\"140\" src=\"https:\/\/www.amp.gob.sv\/ampweb\/wp-content\/uploads\/2020\/01\/82973828_2528732323904267_6090893633005813760_n-150x140.jpg\" class=\"attachment-thumbnail size-thumbnail\" alt=\"\" loading=\"lazy\" srcset=\"https:\/\/www.amp.gob.sv\/ampweb\/wp-content\/uploads\/2020\/01\/82973828_2528732323904267_6090893633005813760_n-150x140.jpg 150w, https:\/\/www.amp.gob.sv\/ampweb\/wp-content\/uploads\/2020\/01\/82973828_2528732323904267_6090893633005813760_n-300x281.jpg 300w, https:\/\/www.amp.gob.sv\/ampweb\/wp-content\/uploads\/2020\/01\/82973828_2528732323904267_6090893633005813760_n.jpg 715w\" sizes=\"(max-width: 150px) 100vw, 150px\" \/><\/a>\n\t\t\t<\/div><\/figure><figure class='gallery-item'>\n\t\t\t<div class='gallery-icon landscape'>\n\t\t\t\t<a href='https:\/\/www.amp.gob.sv\/ampweb\/amp-se-une-al-abastecimiento-de-agua-en-san-salvador\/83011574_2528732973904202_1567213062136528896_n\/'><img width=\"150\" height=\"96\" src=\"https:\/\/www.amp.gob.sv\/ampweb\/wp-content\/uploads\/2020\/01\/83011574_2528732973904202_1567213062136528896_n-150x96.jpg\" class=\"attachment-thumbnail size-thumbnail\" alt=\"\" loading=\"lazy\" srcset=\"https:\/\/www.amp.gob.sv\/ampweb\/wp-content\/uploads\/2020\/01\/83011574_2528732973904202_1567213062136528896_n-150x96.jpg 150w, https:\/\/www.amp.gob.sv\/ampweb\/wp-content\/uploads\/2020\/01\/83011574_2528732973904202_1567213062136528896_n-300x191.jpg 300w, https:\/\/www.amp.gob.sv\/ampweb\/wp-content\/uploads\/2020\/01\/83011574_2528732973904202_1567213062136528896_n.jpg 750w\" sizes=\"(max-width: 150px) 100vw, 150px\" \/><\/a>\n\t\t\t<\/div><\/figure><figure class='gallery-item'>\n\t\t\t<div class='gallery-icon landscape'>\n\t\t\t\t<a href='https:\/\/www.amp.gob.sv\/ampweb\/amp-se-une-al-abastecimiento-de-agua-en-san-salvador\/83120786_2528336940610472_1635060329798959104_o\/'><img width=\"150\" height=\"75\" src=\"https:\/\/www.amp.gob.sv\/ampweb\/wp-content\/uploads\/2020\/01\/83120786_2528336940610472_1635060329798959104_o-150x75.jpg\" class=\"attachment-thumbnail size-thumbnail\" alt=\"\" loading=\"lazy\" srcset=\"https:\/\/www.amp.gob.sv\/ampweb\/wp-content\/uploads\/2020\/01\/83120786_2528336940610472_1635060329798959104_o-150x75.jpg 150w, https:\/\/www.amp.gob.sv\/ampweb\/wp-content\/uploads\/2020\/01\/83120786_2528336940610472_1635060329798959104_o-300x150.jpg 300w, https:\/\/www.amp.gob.sv\/ampweb\/wp-content\/uploads\/2020\/01\/83120786_2528336940610472_1635060329798959104_o-768x384.jpg 768w, https:\/\/www.amp.gob.sv\/ampweb\/wp-content\/uploads\/2020\/01\/83120786_2528336940610472_1635060329798959104_o-1024x512.jpg 1024w, https:\/\/www.amp.gob.sv\/ampweb\/wp-content\/uploads\/2020\/01\/83120786_2528336940610472_1635060329798959104_o.jpg 1280w\" sizes=\"(max-width: 150px) 100vw, 150px\" \/><\/a>\n\t\t\t<\/div><\/figure><figure class='gallery-item'>\n\t\t\t<div class='gallery-icon landscape'>\n\t\t\t\t<a href='https:\/\/www.amp.gob.sv\/ampweb\/amp-se-une-al-abastecimiento-de-agua-en-san-salvador\/83209162_2529597077151125_8103062193156653056_n\/'><img width=\"150\" height=\"112\" src=\"https:\/\/www.amp.gob.sv\/ampweb\/wp-content\/uploads\/2020\/01\/83209162_2529597077151125_8103062193156653056_n-150x112.jpg\" class=\"attachment-thumbnail size-thumbnail\" alt=\"\" loading=\"lazy\" srcset=\"https:\/\/www.amp.gob.sv\/ampweb\/wp-content\/uploads\/2020\/01\/83209162_2529597077151125_8103062193156653056_n-150x112.jpg 150w, https:\/\/www.amp.gob.sv\/ampweb\/wp-content\/uploads\/2020\/01\/83209162_2529597077151125_8103062193156653056_n-300x225.jpg 300w, https:\/\/www.amp.gob.sv\/ampweb\/wp-content\/uploads\/2020\/01\/83209162_2529597077151125_8103062193156653056_n.jpg 750w\" sizes=\"(max-width: 150px) 100vw, 150px\" \/><\/a>\n\t\t\t<\/div><\/figure><figure class='gallery-item'>\n\t\t\t<div class='gallery-icon landscape'>\n\t\t\t\t<a href='https:\/\/www.amp.gob.sv\/ampweb\/amp-se-une-al-abastecimiento-de-agua-en-san-salvador\/83764568_2529596947151138_8458837716086292480_n\/'><img width=\"150\" height=\"112\" src=\"https:\/\/www.amp.gob.sv\/ampweb\/wp-content\/uploads\/2020\/01\/83764568_2529596947151138_8458837716086292480_n-150x112.jpg\" class=\"attachment-thumbnail size-thumbnail\" alt=\"\" loading=\"lazy\" srcset=\"https:\/\/www.amp.gob.sv\/ampweb\/wp-content\/uploads\/2020\/01\/83764568_2529596947151138_8458837716086292480_n-150x112.jpg 150w, https:\/\/www.amp.gob.sv\/ampweb\/wp-content\/uploads\/2020\/01\/83764568_2529596947151138_8458837716086292480_n-300x225.jpg 300w, https:\/\/www.amp.gob.sv\/ampweb\/wp-content\/uploads\/2020\/01\/83764568_2529596947151138_8458837716086292480_n.jpg 750w\" sizes=\"(max-width: 150px) 100vw, 150px\" \/><\/a>\n\t\t\t<\/div><\/figure><figure class='gallery-item'>\n\t\t\t<div class='gallery-icon landscape'>\n\t\t\t\t<a href='https:\/\/www.amp.gob.sv\/ampweb\/amp-se-une-al-abastecimiento-de-agua-en-san-salvador\/83768712_2529597223817777_162041548345704448_n\/'><img width=\"150\" height=\"112\" src=\"https:\/\/www.amp.gob.sv\/ampweb\/wp-content\/uploads\/2020\/01\/83768712_2529597223817777_162041548345704448_n-150x112.jpg\" class=\"attachment-thumbnail size-thumbnail\" alt=\"\" loading=\"lazy\" srcset=\"https:\/\/www.amp.gob.sv\/ampweb\/wp-content\/uploads\/2020\/01\/83768712_2529597223817777_162041548345704448_n-150x112.jpg 150w, https:\/\/www.amp.gob.sv\/ampweb\/wp-content\/uploads\/2020\/01\/83768712_2529597223817777_162041548345704448_n-300x225.jpg 300w, https:\/\/www.amp.gob.sv\/ampweb\/wp-content\/uploads\/2020\/01\/83768712_2529597223817777_162041548345704448_n.jpg 750w\" sizes=\"(max-width: 150px) 100vw, 150px\" \/><\/a>\n\t\t\t<\/div><\/figure>\n\t\t<\/div>\n\n","protected":false},"excerpt":{"rendered":"<p>Empleados de la Autoridad Mar\u00edtima Portuaria se encuentran participando en la campa\u00f1a de abasteciendo en varios municipios del Gran San Salvador ante la problem\u00e1tica ambiental del agua presentada recientemente. Las actividades impulsadas por la Administraci\u00f3n Nacional de Acueductos y Alcantarillados (ANDA) se han visto apoyadas por diversas instituciones como el Ministerio de la Defensa, Ministerio [&hellip;]<\/p>\n","protected":false},"author":155,"featured_media":4476,"comment_status":"closed","ping_status":"closed","sticky":false,"template":"","format":"standard","meta":[],"categories":[25,29],"tags":[],"_links":{"self":[{"href":"https:\/\/www.amp.gob.sv\/ampweb\/wp-json\/wp\/v2\/posts\/4244"}],"collection":[{"href":"https:\/\/www.amp.gob.sv\/ampweb\/wp-json\/wp\/v2\/posts"}],"about":[{"href":"https:\/\/www.amp.gob.sv\/ampweb\/wp-json\/wp\/v2\/types\/post"}],"author":[{"embeddable":true,"href":"https:\/\/www.amp.gob.sv\/ampweb\/wp-json\/wp\/v2\/users\/155"}],"replies":[{"embeddable":true,"href":"https:\/\/www.amp.gob.sv\/ampweb\/wp-json\/wp\/v2\/comments?post=4244"}],"version-history":[{"count":1,"href":"https:\/\/www.amp.gob.sv\/ampweb\/wp-json\/wp\/v2\/posts\/4244\/revisions"}],"predecessor-version":[{"id":4254,"href":"https:\/\/www.amp.gob.sv\/ampweb\/wp-json\/wp\/v2\/posts\/4244\/revisions\/4254"}],"wp:featuredmedia":[{"embeddable":true,"href":"https:\/\/www.amp.gob.sv\/ampweb\/wp-json\/wp\/v2\/media\/4476"}],"wp:attachment":[{"href":"https:\/\/www.amp.gob.sv\/ampweb\/wp-json\/wp\/v2\/media?parent=4244"}],"wp:term":[{"taxonomy":"category","embeddable":true,"href":"https:\/\/www.amp.gob.sv\/ampweb\/wp-json\/wp\/v2\/categories?post=4244"},{"taxonomy":"post_tag","embeddable":true,"href":"https:\/\/www.amp.gob.sv\/ampweb\/wp-json\/wp\/v2\/tags?post=4244"}],"curies":[{"name":"wp","href":"https:\/\/api.w.org\/{rel}","templated":true}]}}