{"id":4256,"date":"2020-01-28T16:49:59","date_gmt":"2020-01-28T22:49:59","guid":{"rendered":"https:\/\/www.amp.gob.sv\/ampweb\/?p=4256"},"modified":"2020-06-22T15:49:12","modified_gmt":"2020-06-22T21:49:12","slug":"representantes-de-jica-visitan-la-amp","status":"publish","type":"post","link":"https:\/\/www.amp.gob.sv\/ampweb\/representantes-de-jica-visitan-la-amp\/","title":{"rendered":"REPRESENTANTES DE JICA VISITAN LA AMP"},"content":{"rendered":"<p>Representantes de la Agencia de Cooperaci\u00f3n Internacional del Jap\u00f3n (JICA) visitaron las oficinas de la Autoridad Mar\u00edtima Portuaria para conocer m\u00e1s sobre las funciones y marcos legales de la instituci\u00f3n, dentro de los esfuerzos que est\u00e1 realizando el Gobierno a nivel de la Pol\u00edtica Regional de Movilidad y Log\u00edstica.<\/p>\n<p>Durante la visita de la delegaci\u00f3n japonesa, los Gerentes AMP realizaron una presentaci\u00f3n sobre las funciones m\u00e1s importantes en lo mar\u00edtimo y portuario que realiza la aut\u00f3noma, as\u00ed mismo algunos contenidos de la Ley General Mar\u00edtima Portuaria y sus reglamentos.<\/p>\n<p>La AMP forma parte de las instituciones involucradas dentro de la Pol\u00edtica Regional de Movilidad y Log\u00edstica por sus actividades de regulaci\u00f3n de transporte mar\u00edtimo y funciones en los puertos del pa\u00eds.<\/p>\n<div id='gallery-1' class='gallery galleryid-4256 gallery-columns-3 gallery-size-thumbnail'><figure class='gallery-item'>\n\t\t\t<div class='gallery-icon landscape'>\n\t\t\t\t<a href='https:\/\/www.amp.gob.sv\/ampweb\/representantes-de-jica-visitan-la-amp\/img_9940\/'><img width=\"150\" height=\"100\" src=\"https:\/\/www.amp.gob.sv\/ampweb\/wp-content\/uploads\/2020\/01\/IMG_9940-150x100.jpg\" class=\"attachment-thumbnail size-thumbnail\" alt=\"\" loading=\"lazy\" srcset=\"https:\/\/www.amp.gob.sv\/ampweb\/wp-content\/uploads\/2020\/01\/IMG_9940-150x100.jpg 150w, https:\/\/www.amp.gob.sv\/ampweb\/wp-content\/uploads\/2020\/01\/IMG_9940-300x200.jpg 300w, https:\/\/www.amp.gob.sv\/ampweb\/wp-content\/uploads\/2020\/01\/IMG_9940-768x512.jpg 768w, https:\/\/www.amp.gob.sv\/ampweb\/wp-content\/uploads\/2020\/01\/IMG_9940-1024x683.jpg 1024w, https:\/\/www.amp.gob.sv\/ampweb\/wp-content\/uploads\/2020\/01\/IMG_9940-272x182.jpg 272w, https:\/\/www.amp.gob.sv\/ampweb\/wp-content\/uploads\/2020\/01\/IMG_9940.jpg 1920w\" sizes=\"(max-width: 150px) 100vw, 150px\" \/><\/a>\n\t\t\t<\/div><\/figure><figure class='gallery-item'>\n\t\t\t<div class='gallery-icon landscape'>\n\t\t\t\t<a href='https:\/\/www.amp.gob.sv\/ampweb\/representantes-de-jica-visitan-la-amp\/img_9926\/'><img width=\"150\" height=\"100\" src=\"https:\/\/www.amp.gob.sv\/ampweb\/wp-content\/uploads\/2020\/01\/IMG_9926-150x100.jpg\" class=\"attachment-thumbnail size-thumbnail\" alt=\"\" loading=\"lazy\" srcset=\"https:\/\/www.amp.gob.sv\/ampweb\/wp-content\/uploads\/2020\/01\/IMG_9926-150x100.jpg 150w, https:\/\/www.amp.gob.sv\/ampweb\/wp-content\/uploads\/2020\/01\/IMG_9926-300x200.jpg 300w, https:\/\/www.amp.gob.sv\/ampweb\/wp-content\/uploads\/2020\/01\/IMG_9926-768x512.jpg 768w, https:\/\/www.amp.gob.sv\/ampweb\/wp-content\/uploads\/2020\/01\/IMG_9926-1024x683.jpg 1024w, https:\/\/www.amp.gob.sv\/ampweb\/wp-content\/uploads\/2020\/01\/IMG_9926-272x182.jpg 272w, https:\/\/www.amp.gob.sv\/ampweb\/wp-content\/uploads\/2020\/01\/IMG_9926.jpg 1920w\" sizes=\"(max-width: 150px) 100vw, 150px\" \/><\/a>\n\t\t\t<\/div><\/figure><figure class='gallery-item'>\n\t\t\t<div class='gallery-icon landscape'>\n\t\t\t\t<a href='https:\/\/www.amp.gob.sv\/ampweb\/representantes-de-jica-visitan-la-amp\/img_9933\/'><img width=\"150\" height=\"100\" src=\"https:\/\/www.amp.gob.sv\/ampweb\/wp-content\/uploads\/2020\/01\/IMG_9933-150x100.jpg\" class=\"attachment-thumbnail size-thumbnail\" alt=\"\" loading=\"lazy\" srcset=\"https:\/\/www.amp.gob.sv\/ampweb\/wp-content\/uploads\/2020\/01\/IMG_9933-150x100.jpg 150w, https:\/\/www.amp.gob.sv\/ampweb\/wp-content\/uploads\/2020\/01\/IMG_9933-300x200.jpg 300w, https:\/\/www.amp.gob.sv\/ampweb\/wp-content\/uploads\/2020\/01\/IMG_9933-768x512.jpg 768w, https:\/\/www.amp.gob.sv\/ampweb\/wp-content\/uploads\/2020\/01\/IMG_9933-1024x683.jpg 1024w, https:\/\/www.amp.gob.sv\/ampweb\/wp-content\/uploads\/2020\/01\/IMG_9933-272x182.jpg 272w, https:\/\/www.amp.gob.sv\/ampweb\/wp-content\/uploads\/2020\/01\/IMG_9933.jpg 1920w\" sizes=\"(max-width: 150px) 100vw, 150px\" \/><\/a>\n\t\t\t<\/div><\/figure><figure class='gallery-item'>\n\t\t\t<div class='gallery-icon landscape'>\n\t\t\t\t<a href='https:\/\/www.amp.gob.sv\/ampweb\/representantes-de-jica-visitan-la-amp\/img_9947\/'><img width=\"150\" height=\"100\" src=\"https:\/\/www.amp.gob.sv\/ampweb\/wp-content\/uploads\/2020\/01\/IMG_9947-150x100.jpg\" class=\"attachment-thumbnail size-thumbnail\" alt=\"\" loading=\"lazy\" srcset=\"https:\/\/www.amp.gob.sv\/ampweb\/wp-content\/uploads\/2020\/01\/IMG_9947-150x100.jpg 150w, https:\/\/www.amp.gob.sv\/ampweb\/wp-content\/uploads\/2020\/01\/IMG_9947-300x200.jpg 300w, https:\/\/www.amp.gob.sv\/ampweb\/wp-content\/uploads\/2020\/01\/IMG_9947-768x512.jpg 768w, https:\/\/www.amp.gob.sv\/ampweb\/wp-content\/uploads\/2020\/01\/IMG_9947-1024x683.jpg 1024w, https:\/\/www.amp.gob.sv\/ampweb\/wp-content\/uploads\/2020\/01\/IMG_9947-272x182.jpg 272w, https:\/\/www.amp.gob.sv\/ampweb\/wp-content\/uploads\/2020\/01\/IMG_9947.jpg 1920w\" sizes=\"(max-width: 150px) 100vw, 150px\" \/><\/a>\n\t\t\t<\/div><\/figure>\n\t\t<\/div>\n\n","protected":false},"excerpt":{"rendered":"<p>Representantes de la Agencia de Cooperaci\u00f3n Internacional del Jap\u00f3n (JICA) visitaron las oficinas de la Autoridad Mar\u00edtima Portuaria para conocer m\u00e1s sobre las funciones y marcos legales de la instituci\u00f3n, dentro de los esfuerzos que est\u00e1 realizando el Gobierno a nivel de la Pol\u00edtica Regional de Movilidad y Log\u00edstica. Durante la visita de la delegaci\u00f3n [&hellip;]<\/p>\n","protected":false},"author":155,"featured_media":4478,"comment_status":"closed","ping_status":"closed","sticky":false,"template":"","format":"standard","meta":[],"categories":[25,29],"tags":[],"_links":{"self":[{"href":"https:\/\/www.amp.gob.sv\/ampweb\/wp-json\/wp\/v2\/posts\/4256"}],"collection":[{"href":"https:\/\/www.amp.gob.sv\/ampweb\/wp-json\/wp\/v2\/posts"}],"about":[{"href":"https:\/\/www.amp.gob.sv\/ampweb\/wp-json\/wp\/v2\/types\/post"}],"author":[{"embeddable":true,"href":"https:\/\/www.amp.gob.sv\/ampweb\/wp-json\/wp\/v2\/users\/155"}],"replies":[{"embeddable":true,"href":"https:\/\/www.amp.gob.sv\/ampweb\/wp-json\/wp\/v2\/comments?post=4256"}],"version-history":[{"count":2,"href":"https:\/\/www.amp.gob.sv\/ampweb\/wp-json\/wp\/v2\/posts\/4256\/revisions"}],"predecessor-version":[{"id":4269,"href":"https:\/\/www.amp.gob.sv\/ampweb\/wp-json\/wp\/v2\/posts\/4256\/revisions\/4269"}],"wp:featuredmedia":[{"embeddable":true,"href":"https:\/\/www.amp.gob.sv\/ampweb\/wp-json\/wp\/v2\/media\/4478"}],"wp:attachment":[{"href":"https:\/\/www.amp.gob.sv\/ampweb\/wp-json\/wp\/v2\/media?parent=4256"}],"wp:term":[{"taxonomy":"category","embeddable":true,"href":"https:\/\/www.amp.gob.sv\/ampweb\/wp-json\/wp\/v2\/categories?post=4256"},{"taxonomy":"post_tag","embeddable":true,"href":"https:\/\/www.amp.gob.sv\/ampweb\/wp-json\/wp\/v2\/tags?post=4256"}],"curies":[{"name":"wp","href":"https:\/\/api.w.org\/{rel}","templated":true}]}}