{"id":4523,"date":"2020-08-21T09:38:50","date_gmt":"2020-08-21T15:38:50","guid":{"rendered":"https:\/\/www.amp.gob.sv\/ampweb\/?p=4523"},"modified":"2020-08-21T09:38:50","modified_gmt":"2020-08-21T15:38:50","slug":"presidente-amp-en-charla-con-jovenes-de-centro-superate","status":"publish","type":"post","link":"https:\/\/www.amp.gob.sv\/ampweb\/presidente-amp-en-charla-con-jovenes-de-centro-superate\/","title":{"rendered":"Presidente AMP en charla con j\u00f3venes de centro \u00a1Sup\u00e9rate!\u201d"},"content":{"rendered":"\n<p>El Presidente de la AMP, Lic. \u00d3scar Lizama, imparti\u00f3 una charla virtual a 50 j\u00f3venes del centro de formaci\u00f3n \u201c\u00a1Sup\u00e9rate!\u201d, que administra una de las m\u00e1s grandes industrias de calzado en el pa\u00eds.<\/p>\n\n\n\n<!--more-->\n\n\n\n<figure class=\"wp-block-image size-large\"><img loading=\"lazy\" width=\"1024\" height=\"523\" src=\"https:\/\/www.amp.gob.sv\/ampweb\/wp-content\/uploads\/2020\/08\/ppal-1024x523.jpg\" alt=\"\" class=\"wp-image-4524\" srcset=\"https:\/\/www.amp.gob.sv\/ampweb\/wp-content\/uploads\/2020\/08\/ppal-1024x523.jpg 1024w, https:\/\/www.amp.gob.sv\/ampweb\/wp-content\/uploads\/2020\/08\/ppal-300x153.jpg 300w, https:\/\/www.amp.gob.sv\/ampweb\/wp-content\/uploads\/2020\/08\/ppal-150x77.jpg 150w, https:\/\/www.amp.gob.sv\/ampweb\/wp-content\/uploads\/2020\/08\/ppal-768x392.jpg 768w, https:\/\/www.amp.gob.sv\/ampweb\/wp-content\/uploads\/2020\/08\/ppal.jpg 1100w\" sizes=\"(max-width: 1024px) 100vw, 1024px\" \/><\/figure>\n\n\n\n<p>El Lic. Lizama habl\u00f3 sobre su formaci\u00f3n acad\u00e9mica y personal; los retos que todo joven universitario enfrenta, sobre todo, de la visi\u00f3n que mantuvo para optar por una Licenciatura en Relaciones Internacionales en la Universidad de El Salvador (UES) y todos los esfuerzos que hizo para culminarla.<\/p>\n\n\n\n<figure class=\"wp-block-image size-large\"><img loading=\"lazy\" width=\"1000\" height=\"666\" src=\"https:\/\/www.amp.gob.sv\/ampweb\/wp-content\/uploads\/2020\/08\/1.jpg\" alt=\"\" class=\"wp-image-4525\" srcset=\"https:\/\/www.amp.gob.sv\/ampweb\/wp-content\/uploads\/2020\/08\/1.jpg 1000w, https:\/\/www.amp.gob.sv\/ampweb\/wp-content\/uploads\/2020\/08\/1-300x200.jpg 300w, https:\/\/www.amp.gob.sv\/ampweb\/wp-content\/uploads\/2020\/08\/1-150x100.jpg 150w, https:\/\/www.amp.gob.sv\/ampweb\/wp-content\/uploads\/2020\/08\/1-768x511.jpg 768w\" sizes=\"(max-width: 1000px) 100vw, 1000px\" \/><\/figure>\n\n\n\n<p>Habl\u00f3 de las dificultades para obtener un trabajo en El Salvador, luego de graduarse; no obstante, destac\u00f3 la perseverancia personal y la importancia del apoyo familiar para seguir adelante. Por m\u00e1s de una hora, el Lic. Lizama habl\u00f3 con los j\u00f3venes de \u201c\u00a1Sup\u00e9rate!\u201d, quienes fueron acompa\u00f1ados por el Director del centro, Lic. Benhur Zepeda y la docente Blanca Mel\u00e9ndez. La charla form\u00f3 parte del proceso de Orientaci\u00f3n Vocacional que se imparte de los estudiantes.<\/p>\n\n\n\n<figure class=\"wp-block-gallery columns-3 is-cropped\"><ul class=\"blocks-gallery-grid\"><li class=\"blocks-gallery-item\"><figure><img loading=\"lazy\" width=\"683\" height=\"1024\" src=\"https:\/\/www.amp.gob.sv\/ampweb\/wp-content\/uploads\/2020\/08\/2-683x1024.jpg\" alt=\"\" data-id=\"4526\" data-full-url=\"https:\/\/www.amp.gob.sv\/ampweb\/wp-content\/uploads\/2020\/08\/2.jpg\" data-link=\"https:\/\/www.amp.gob.sv\/ampweb\/?attachment_id=4526\" class=\"wp-image-4526\" srcset=\"https:\/\/www.amp.gob.sv\/ampweb\/wp-content\/uploads\/2020\/08\/2-683x1024.jpg 683w, https:\/\/www.amp.gob.sv\/ampweb\/wp-content\/uploads\/2020\/08\/2-200x300.jpg 200w, https:\/\/www.amp.gob.sv\/ampweb\/wp-content\/uploads\/2020\/08\/2-100x150.jpg 100w, https:\/\/www.amp.gob.sv\/ampweb\/wp-content\/uploads\/2020\/08\/2-768x1152.jpg 768w, https:\/\/www.amp.gob.sv\/ampweb\/wp-content\/uploads\/2020\/08\/2.jpg 1000w\" sizes=\"(max-width: 683px) 100vw, 683px\" \/><\/figure><\/li><li class=\"blocks-gallery-item\"><figure><img loading=\"lazy\" width=\"1000\" height=\"666\" src=\"https:\/\/www.amp.gob.sv\/ampweb\/wp-content\/uploads\/2020\/08\/3.jpg\" alt=\"\" data-id=\"4527\" data-full-url=\"https:\/\/www.amp.gob.sv\/ampweb\/wp-content\/uploads\/2020\/08\/3.jpg\" data-link=\"https:\/\/www.amp.gob.sv\/ampweb\/?attachment_id=4527\" class=\"wp-image-4527\" srcset=\"https:\/\/www.amp.gob.sv\/ampweb\/wp-content\/uploads\/2020\/08\/3.jpg 1000w, https:\/\/www.amp.gob.sv\/ampweb\/wp-content\/uploads\/2020\/08\/3-300x200.jpg 300w, https:\/\/www.amp.gob.sv\/ampweb\/wp-content\/uploads\/2020\/08\/3-150x100.jpg 150w, https:\/\/www.amp.gob.sv\/ampweb\/wp-content\/uploads\/2020\/08\/3-768x511.jpg 768w\" sizes=\"(max-width: 1000px) 100vw, 1000px\" \/><\/figure><\/li><li class=\"blocks-gallery-item\"><figure><img loading=\"lazy\" width=\"1000\" height=\"615\" src=\"https:\/\/www.amp.gob.sv\/ampweb\/wp-content\/uploads\/2020\/08\/4.jpg\" alt=\"\" data-id=\"4528\" data-full-url=\"https:\/\/www.amp.gob.sv\/ampweb\/wp-content\/uploads\/2020\/08\/4.jpg\" data-link=\"https:\/\/www.amp.gob.sv\/ampweb\/?attachment_id=4528\" class=\"wp-image-4528\" srcset=\"https:\/\/www.amp.gob.sv\/ampweb\/wp-content\/uploads\/2020\/08\/4.jpg 1000w, https:\/\/www.amp.gob.sv\/ampweb\/wp-content\/uploads\/2020\/08\/4-300x185.jpg 300w, https:\/\/www.amp.gob.sv\/ampweb\/wp-content\/uploads\/2020\/08\/4-150x92.jpg 150w, https:\/\/www.amp.gob.sv\/ampweb\/wp-content\/uploads\/2020\/08\/4-768x472.jpg 768w\" sizes=\"(max-width: 1000px) 100vw, 1000px\" \/><\/figure><\/li><\/ul><\/figure>\n\n\n\n<figure class=\"wp-block-image size-large\"><img loading=\"lazy\" width=\"1000\" height=\"615\" src=\"https:\/\/www.amp.gob.sv\/ampweb\/wp-content\/uploads\/2020\/08\/4-1.jpg\" alt=\"\" class=\"wp-image-4529\" srcset=\"https:\/\/www.amp.gob.sv\/ampweb\/wp-content\/uploads\/2020\/08\/4-1.jpg 1000w, https:\/\/www.amp.gob.sv\/ampweb\/wp-content\/uploads\/2020\/08\/4-1-300x185.jpg 300w, https:\/\/www.amp.gob.sv\/ampweb\/wp-content\/uploads\/2020\/08\/4-1-150x92.jpg 150w, https:\/\/www.amp.gob.sv\/ampweb\/wp-content\/uploads\/2020\/08\/4-1-768x472.jpg 768w\" sizes=\"(max-width: 1000px) 100vw, 1000px\" \/><\/figure>\n","protected":false},"excerpt":{"rendered":"<p>El Presidente de la AMP, Lic. \u00d3scar Lizama, imparti\u00f3 una charla virtual a 50 j\u00f3venes del centro de formaci\u00f3n \u201c\u00a1Sup\u00e9rate!\u201d, que administra una de las m\u00e1s grandes industrias de calzado en el pa\u00eds.<\/p>\n","protected":false},"author":155,"featured_media":4524,"comment_status":"closed","ping_status":"closed","sticky":false,"template":"","format":"standard","meta":[],"categories":[25,29],"tags":[],"_links":{"self":[{"href":"https:\/\/www.amp.gob.sv\/ampweb\/wp-json\/wp\/v2\/posts\/4523"}],"collection":[{"href":"https:\/\/www.amp.gob.sv\/ampweb\/wp-json\/wp\/v2\/posts"}],"about":[{"href":"https:\/\/www.amp.gob.sv\/ampweb\/wp-json\/wp\/v2\/types\/post"}],"author":[{"embeddable":true,"href":"https:\/\/www.amp.gob.sv\/ampweb\/wp-json\/wp\/v2\/users\/155"}],"replies":[{"embeddable":true,"href":"https:\/\/www.amp.gob.sv\/ampweb\/wp-json\/wp\/v2\/comments?post=4523"}],"version-history":[{"count":1,"href":"https:\/\/www.amp.gob.sv\/ampweb\/wp-json\/wp\/v2\/posts\/4523\/revisions"}],"predecessor-version":[{"id":4530,"href":"https:\/\/www.amp.gob.sv\/ampweb\/wp-json\/wp\/v2\/posts\/4523\/revisions\/4530"}],"wp:featuredmedia":[{"embeddable":true,"href":"https:\/\/www.amp.gob.sv\/ampweb\/wp-json\/wp\/v2\/media\/4524"}],"wp:attachment":[{"href":"https:\/\/www.amp.gob.sv\/ampweb\/wp-json\/wp\/v2\/media?parent=4523"}],"wp:term":[{"taxonomy":"category","embeddable":true,"href":"https:\/\/www.amp.gob.sv\/ampweb\/wp-json\/wp\/v2\/categories?post=4523"},{"taxonomy":"post_tag","embeddable":true,"href":"https:\/\/www.amp.gob.sv\/ampweb\/wp-json\/wp\/v2\/tags?post=4523"}],"curies":[{"name":"wp","href":"https:\/\/api.w.org\/{rel}","templated":true}]}}