{"id":4638,"date":"2021-08-27T16:13:15","date_gmt":"2021-08-27T22:13:15","guid":{"rendered":"https:\/\/www.amp.gob.sv\/ampweb\/?p=4638"},"modified":"2021-08-27T16:27:37","modified_gmt":"2021-08-27T22:27:37","slug":"el-salvador-asume-la-presidencia-pro-tempore-de-la-cocatram-2021-2022","status":"publish","type":"post","link":"https:\/\/www.amp.gob.sv\/ampweb\/el-salvador-asume-la-presidencia-pro-tempore-de-la-cocatram-2021-2022\/","title":{"rendered":"El Salvador asume la Presidencia Pro T\u00e9mpore de la COCATRAM 2021- 2022"},"content":{"rendered":"\n<p class=\"has-text-align-left\">El Salvador asume la Presidencia Pro T\u00e9mpore de la Comisi\u00f3n Centroamericana de Transporte Mar\u00edtimo COCATRAM para el per\u00edodo 2021- 2022. El evento de Traspaso de la Presidencia se llev\u00f3 a cabo el 27 de agosto del a\u00f1o en curso, en la CVI Reuni\u00f3n Ordinaria del Directorio de la COCATRAM en donde se jurament\u00f3 al Viceministro de Transporte Ing. Sa\u00fal Antonio Castelar Contreras.<br>De acuerdo a los estatutos de la COCATRAM, en el Cap\u00edtulo IV, Art\u00edculo 25 \u201cLa Presidencia de la COCATRAM rotar\u00e1 cada 12 meses entre sus pa\u00edses miembros de acuerdo con el siguiente orden: Guatemala, El Salvador, Honduras, Nicaragua, Costa Rica y Panam\u00e1\u201d. Adem\u00e1s, el mismo art\u00edculo establece que \u201cel traslado de la Presidencia y Vice Presidencia a los pa\u00edses se har\u00e1 en la sesi\u00f3n ordinaria del mes de agosto de cada a\u00f1o\u201d.<br>El Lic. Mariano D\u00edaz Cuevas Viceministro de Transportes de Guatemala estuvo a cargo de la Presidencia durante el periodo 2020-2021. Este a\u00f1o corresponde a El Salvador y como nuevo Presidente Pro T\u00e9mpore fue juramentado el titular del Viceministerio de Transporte, Ing. Sa\u00fal Castelar quien expres\u00f3 su compromiso para seguir trabajando para fortalecer el trabajo de la COCATRAM para el per\u00edodo 2021-2022.<br>El evento de traspaso de la Presidencia tuvo modalidad mixta, presencial y virtual. Representantes de los pa\u00edses centroamericanos y de organismos regionales como el SG-SIECA y ROCRAM-CA participaron en tan importante designaci\u00f3n.<\/p>\n\n\n\n<p>En el evento tambi\u00e9n particip\u00f3 por nuestro pa\u00eds el Presidente del Consejo Directivo de la AMP, Lic. Oscar Lizama, quien realiz\u00f3 importantes aportes a la CVI Reuni\u00f3n Ordinaria del Directorio de La COCATRAM.<\/p>\n\n\n\n<figure class=\"wp-block-gallery columns-1 is-cropped\"><ul class=\"blocks-gallery-grid\"><li class=\"blocks-gallery-item\"><figure><img loading=\"lazy\" width=\"484\" height=\"1024\" src=\"https:\/\/www.amp.gob.sv\/ampweb\/wp-content\/uploads\/2021\/08\/Unknown-1-484x1024.jpeg\" alt=\"\" data-id=\"4642\" data-full-url=\"https:\/\/www.amp.gob.sv\/ampweb\/wp-content\/uploads\/2021\/08\/Unknown-1.jpeg\" data-link=\"https:\/\/www.amp.gob.sv\/ampweb\/?attachment_id=4642\" class=\"wp-image-4642\" srcset=\"https:\/\/www.amp.gob.sv\/ampweb\/wp-content\/uploads\/2021\/08\/Unknown-1-484x1024.jpeg 484w, https:\/\/www.amp.gob.sv\/ampweb\/wp-content\/uploads\/2021\/08\/Unknown-1-142x300.jpeg 142w, https:\/\/www.amp.gob.sv\/ampweb\/wp-content\/uploads\/2021\/08\/Unknown-1-71x150.jpeg 71w, https:\/\/www.amp.gob.sv\/ampweb\/wp-content\/uploads\/2021\/08\/Unknown-1-727x1536.jpeg 727w, https:\/\/www.amp.gob.sv\/ampweb\/wp-content\/uploads\/2021\/08\/Unknown-1.jpeg 757w\" sizes=\"(max-width: 484px) 100vw, 484px\" \/><\/figure><\/li><\/ul><\/figure>\n\n\n\n<figure class=\"wp-block-gallery columns-1 is-cropped\"><ul class=\"blocks-gallery-grid\"><li class=\"blocks-gallery-item\"><figure><img loading=\"lazy\" width=\"682\" height=\"1024\" src=\"https:\/\/www.amp.gob.sv\/ampweb\/wp-content\/uploads\/2021\/08\/Unknown-3-682x1024.jpeg\" alt=\"\" data-id=\"4645\" data-full-url=\"https:\/\/www.amp.gob.sv\/ampweb\/wp-content\/uploads\/2021\/08\/Unknown-3.jpeg\" data-link=\"https:\/\/www.amp.gob.sv\/ampweb\/el-salvador-asume-la-presidencia-pro-tempore-de-la-cocatram-2021-2022\/unknown-3\/\" class=\"wp-image-4645\" srcset=\"https:\/\/www.amp.gob.sv\/ampweb\/wp-content\/uploads\/2021\/08\/Unknown-3-682x1024.jpeg 682w, https:\/\/www.amp.gob.sv\/ampweb\/wp-content\/uploads\/2021\/08\/Unknown-3-200x300.jpeg 200w, https:\/\/www.amp.gob.sv\/ampweb\/wp-content\/uploads\/2021\/08\/Unknown-3-100x150.jpeg 100w, https:\/\/www.amp.gob.sv\/ampweb\/wp-content\/uploads\/2021\/08\/Unknown-3-768x1152.jpeg 768w, https:\/\/www.amp.gob.sv\/ampweb\/wp-content\/uploads\/2021\/08\/Unknown-3.jpeg 853w\" sizes=\"(max-width: 682px) 100vw, 682px\" \/><\/figure><\/li><\/ul><\/figure>\n","protected":false},"excerpt":{"rendered":"<p>El Salvador asume la Presidencia Pro T\u00e9mpore de la Comisi\u00f3n Centroamericana de Transporte Mar\u00edtimo COCATRAM para el per\u00edodo 2021- 2022. El evento de Traspaso de la Presidencia se llev\u00f3 a cabo el 27 de agosto del a\u00f1o en curso, en la CVI Reuni\u00f3n Ordinaria del Directorio de la COCATRAM en donde se jurament\u00f3 al Viceministro [&hellip;]<\/p>\n","protected":false},"author":155,"featured_media":4640,"comment_status":"closed","ping_status":"closed","sticky":false,"template":"","format":"standard","meta":[],"categories":[1],"tags":[],"_links":{"self":[{"href":"https:\/\/www.amp.gob.sv\/ampweb\/wp-json\/wp\/v2\/posts\/4638"}],"collection":[{"href":"https:\/\/www.amp.gob.sv\/ampweb\/wp-json\/wp\/v2\/posts"}],"about":[{"href":"https:\/\/www.amp.gob.sv\/ampweb\/wp-json\/wp\/v2\/types\/post"}],"author":[{"embeddable":true,"href":"https:\/\/www.amp.gob.sv\/ampweb\/wp-json\/wp\/v2\/users\/155"}],"replies":[{"embeddable":true,"href":"https:\/\/www.amp.gob.sv\/ampweb\/wp-json\/wp\/v2\/comments?post=4638"}],"version-history":[{"count":4,"href":"https:\/\/www.amp.gob.sv\/ampweb\/wp-json\/wp\/v2\/posts\/4638\/revisions"}],"predecessor-version":[{"id":4646,"href":"https:\/\/www.amp.gob.sv\/ampweb\/wp-json\/wp\/v2\/posts\/4638\/revisions\/4646"}],"wp:featuredmedia":[{"embeddable":true,"href":"https:\/\/www.amp.gob.sv\/ampweb\/wp-json\/wp\/v2\/media\/4640"}],"wp:attachment":[{"href":"https:\/\/www.amp.gob.sv\/ampweb\/wp-json\/wp\/v2\/media?parent=4638"}],"wp:term":[{"taxonomy":"category","embeddable":true,"href":"https:\/\/www.amp.gob.sv\/ampweb\/wp-json\/wp\/v2\/categories?post=4638"},{"taxonomy":"post_tag","embeddable":true,"href":"https:\/\/www.amp.gob.sv\/ampweb\/wp-json\/wp\/v2\/tags?post=4638"}],"curies":[{"name":"wp","href":"https:\/\/api.w.org\/{rel}","templated":true}]}}